{"id":4163,"date":"2023-06-21T09:48:39","date_gmt":"2023-06-21T12:48:39","guid":{"rendered":"https:\/\/diariorepublica.com.ar\/web\/?p=4163"},"modified":"2023-06-21T09:48:40","modified_gmt":"2023-06-21T12:48:40","slug":"el-pj-de-catamarca-le-apunto-a-gerardo-morales-por-los-incidentes-en-jujuy","status":"publish","type":"post","link":"https:\/\/diariorepublica.com.ar\/web\/index.php\/politica\/2023\/06\/21\/el-pj-de-catamarca-le-apunto-a-gerardo-morales-por-los-incidentes-en-jujuy\/","title":{"rendered":"El PJ de Catamarca le apunt\u00f3 a Gerardo Morales por los incidentes en Jujuy"},"content":{"rendered":"<p>El Consejo Provincial del Partido Justicialista de Catamarca se expres\u00f3 a trav\u00e9s de redes sociales por los incidentes registrados en la provincia de Jujuy, que tuvieron una escalada de violencia este martes por la reforma de la Constituci\u00f3n provincial. Al respecto, apunt\u00f3 contra el Gobernador Gerardo Morales a quien responsabiliz\u00f3 por la represi\u00f3n durante las manifestaciones y hechos violentos.<\/p>\n<p>\u201cExpresamos nuestra profunda preocupaci\u00f3n y el m\u00e1s en\u00e9rgico repudio a los lamentables sucesos ocurridos recientemente en Jujuy, como as\u00ed tambi\u00e9n al accionar antidemocr\u00e1tico llevado a cabo por las fuerzas de seguridad de dicha provincia\u00bb apunta el comunicado.<\/p>\n<p>En este sentido, agregaron: \u00abRechazamos las manifestaciones vertidas por el gobernador Gerardo Morales, quien lejos de hacerse cargo de la situaci\u00f3n, intenta responsabilizar al presidente y a la vicepresidenta de la Naci\u00f3n, por que sucede en la vecina provincia de Jujuy\u201d<\/p>\n","protected":false},"excerpt":{"rendered":"<p>El Consejo Provincial del Partido Justicialista de Catamarca se expres\u00f3 a trav\u00e9s de redes sociales por los incidentes registrados en<\/p>\n","protected":false},"author":2,"featured_media":4164,"comment_status":"closed","ping_status":"closed","sticky":false,"template":"","format":"standard","meta":{"footnotes":"","jetpack_publicize_message":"","jetpack_publicize_feature_enabled":true,"jetpack_social_post_already_shared":false,"jetpack_social_options":{"image_generator_settings":{"template":"highway","enabled":false},"version":2}},"categories":[12],"tags":[],"class_list":["post-4163","post","type-post","status-publish","format-standard","has-post-thumbnail","hentry","category-politica"],"jetpack_publicize_connections":[],"_links":{"self":[{"href":"https:\/\/diariorepublica.com.ar\/web\/index.php\/wp-json\/wp\/v2\/posts\/4163"}],"collection":[{"href":"https:\/\/diariorepublica.com.ar\/web\/index.php\/wp-json\/wp\/v2\/posts"}],"about":[{"href":"https:\/\/diariorepublica.com.ar\/web\/index.php\/wp-json\/wp\/v2\/types\/post"}],"author":[{"embeddable":true,"href":"https:\/\/diariorepublica.com.ar\/web\/index.php\/wp-json\/wp\/v2\/users\/2"}],"replies":[{"embeddable":true,"href":"https:\/\/diariorepublica.com.ar\/web\/index.php\/wp-json\/wp\/v2\/comments?post=4163"}],"version-history":[{"count":1,"href":"https:\/\/diariorepublica.com.ar\/web\/index.php\/wp-json\/wp\/v2\/posts\/4163\/revisions"}],"predecessor-version":[{"id":4165,"href":"https:\/\/diariorepublica.com.ar\/web\/index.php\/wp-json\/wp\/v2\/posts\/4163\/revisions\/4165"}],"wp:featuredmedia":[{"embeddable":true,"href":"https:\/\/diariorepublica.com.ar\/web\/index.php\/wp-json\/wp\/v2\/media\/4164"}],"wp:attachment":[{"href":"https:\/\/diariorepublica.com.ar\/web\/index.php\/wp-json\/wp\/v2\/media?parent=4163"}],"wp:term":[{"taxonomy":"category","embeddable":true,"href":"https:\/\/diariorepublica.com.ar\/web\/index.php\/wp-json\/wp\/v2\/categories?post=4163"},{"taxonomy":"post_tag","embeddable":true,"href":"https:\/\/diariorepublica.com.ar\/web\/index.php\/wp-json\/wp\/v2\/tags?post=4163"}],"curies":[{"name":"wp","href":"https:\/\/api.w.org\/{rel}","templated":true}]}}