{"id":4166,"date":"2023-06-21T09:53:27","date_gmt":"2023-06-21T12:53:27","guid":{"rendered":"https:\/\/diariorepublica.com.ar\/web\/?p=4166"},"modified":"2023-06-21T09:53:29","modified_gmt":"2023-06-21T12:53:29","slug":"ate-anuncio-un-paro-nacional-para-manana","status":"publish","type":"post","link":"https:\/\/diariorepublica.com.ar\/web\/index.php\/sociedad\/2023\/06\/21\/ate-anuncio-un-paro-nacional-para-manana\/","title":{"rendered":"ATE anunci\u00f3 un paro nacional para ma\u00f1ana"},"content":{"rendered":"<p>La Asociaci\u00f3n de Trabajadores del Estado (ATE) anunci\u00f3 un paro nacional para el dia de ma\u00f1ana, para exigirle al gobernador de Jujuy, Gerardo Morales, que ponga fin a la represi\u00f3n contra los manifestantes que piden mejoras salariales y se oponen a la reforma constitucional aprobada la semana pasada.<\/p>\n<p>El anuncio tiene lugar luego de d\u00edas de represi\u00f3n policial en Jujuy, la m\u00e1s violenta sobre la ruta nacional 9 cerca de la localidad de Purmamarca, que dej\u00f3 al menos diez heridos de bala, lesionados y m\u00e1s de 40 detenidos<\/p>\n","protected":false},"excerpt":{"rendered":"<p>La Asociaci\u00f3n de Trabajadores del Estado (ATE) anunci\u00f3 un paro nacional para el dia de ma\u00f1ana, para exigirle al gobernador<\/p>\n","protected":false},"author":2,"featured_media":4167,"comment_status":"closed","ping_status":"closed","sticky":false,"template":"","format":"standard","meta":{"footnotes":"","jetpack_publicize_message":"","jetpack_publicize_feature_enabled":true,"jetpack_social_post_already_shared":false,"jetpack_social_options":{"image_generator_settings":{"template":"highway","enabled":false},"version":2}},"categories":[3],"tags":[],"class_list":["post-4166","post","type-post","status-publish","format-standard","has-post-thumbnail","hentry","category-sociedad"],"jetpack_publicize_connections":[],"_links":{"self":[{"href":"https:\/\/diariorepublica.com.ar\/web\/index.php\/wp-json\/wp\/v2\/posts\/4166"}],"collection":[{"href":"https:\/\/diariorepublica.com.ar\/web\/index.php\/wp-json\/wp\/v2\/posts"}],"about":[{"href":"https:\/\/diariorepublica.com.ar\/web\/index.php\/wp-json\/wp\/v2\/types\/post"}],"author":[{"embeddable":true,"href":"https:\/\/diariorepublica.com.ar\/web\/index.php\/wp-json\/wp\/v2\/users\/2"}],"replies":[{"embeddable":true,"href":"https:\/\/diariorepublica.com.ar\/web\/index.php\/wp-json\/wp\/v2\/comments?post=4166"}],"version-history":[{"count":1,"href":"https:\/\/diariorepublica.com.ar\/web\/index.php\/wp-json\/wp\/v2\/posts\/4166\/revisions"}],"predecessor-version":[{"id":4168,"href":"https:\/\/diariorepublica.com.ar\/web\/index.php\/wp-json\/wp\/v2\/posts\/4166\/revisions\/4168"}],"wp:featuredmedia":[{"embeddable":true,"href":"https:\/\/diariorepublica.com.ar\/web\/index.php\/wp-json\/wp\/v2\/media\/4167"}],"wp:attachment":[{"href":"https:\/\/diariorepublica.com.ar\/web\/index.php\/wp-json\/wp\/v2\/media?parent=4166"}],"wp:term":[{"taxonomy":"category","embeddable":true,"href":"https:\/\/diariorepublica.com.ar\/web\/index.php\/wp-json\/wp\/v2\/categories?post=4166"},{"taxonomy":"post_tag","embeddable":true,"href":"https:\/\/diariorepublica.com.ar\/web\/index.php\/wp-json\/wp\/v2\/tags?post=4166"}],"curies":[{"name":"wp","href":"https:\/\/api.w.org\/{rel}","templated":true}]}}