{"id":4170,"date":"2023-06-21T09:56:01","date_gmt":"2023-06-21T12:56:01","guid":{"rendered":"https:\/\/diariorepublica.com.ar\/web\/?p=4170"},"modified":"2023-06-21T09:56:53","modified_gmt":"2023-06-21T12:56:53","slug":"saadi-confirmo-fecha-de-pago-de-aguinaldo-y-un-aguinaldo","status":"publish","type":"post","link":"https:\/\/diariorepublica.com.ar\/web\/index.php\/politica\/2023\/06\/21\/saadi-confirmo-fecha-de-pago-de-aguinaldo-y-un-aguinaldo\/","title":{"rendered":"Saadi confirm\u00f3 fecha de pago de aguinaldo y un bono"},"content":{"rendered":"<p>El intendente Gustavo Saadi confirm\u00f3 que el pr\u00f3ximo viernes 23 se pagar\u00e1 la primera cuota del Sueldo Anual Complementario a los empleados de la Municipalidad de la Capital, y anunci\u00f3 adem\u00e1s el pago de un bono extraordinario de 30.000 pesos para los beneficiarios del programa Catamarca Ciudad Trabaja, que se abonar\u00e1 el s\u00e1bado 24. Adem\u00e1s del bono, en los primeros d\u00edas de julio percibir\u00e1n un incremento del 10 por ciento, \u00faltimo tramo de la mejora salarial acordada oportunamente.<\/p>\n<p>El bono lo percibir\u00e1n, adem\u00e1s de los mencionados beneficiarios del Catamarca Ciudad Trabaja, los integrantes de las cooperativas y quienes poseen contratos de locaci\u00f3n de obra: en todos los casos ser\u00e1 de 30.000 pesos. El jefe comunal resolvi\u00f3 este aporte como lo hace habitualmente, por un principio de equidad, ya que los trabajadores municipales que prestan servicios bajo estas modalidades no perciben aguinaldo.<\/p>\n","protected":false},"excerpt":{"rendered":"<p>El intendente Gustavo Saadi confirm\u00f3 que el pr\u00f3ximo viernes 23 se pagar\u00e1 la primera cuota del Sueldo Anual Complementario a<\/p>\n","protected":false},"author":2,"featured_media":4171,"comment_status":"closed","ping_status":"closed","sticky":false,"template":"","format":"standard","meta":{"footnotes":"","jetpack_publicize_message":"","jetpack_publicize_feature_enabled":true,"jetpack_social_post_already_shared":false,"jetpack_social_options":{"image_generator_settings":{"template":"highway","enabled":false},"version":2}},"categories":[12],"tags":[],"class_list":["post-4170","post","type-post","status-publish","format-standard","has-post-thumbnail","hentry","category-politica"],"jetpack_publicize_connections":[],"_links":{"self":[{"href":"https:\/\/diariorepublica.com.ar\/web\/index.php\/wp-json\/wp\/v2\/posts\/4170"}],"collection":[{"href":"https:\/\/diariorepublica.com.ar\/web\/index.php\/wp-json\/wp\/v2\/posts"}],"about":[{"href":"https:\/\/diariorepublica.com.ar\/web\/index.php\/wp-json\/wp\/v2\/types\/post"}],"author":[{"embeddable":true,"href":"https:\/\/diariorepublica.com.ar\/web\/index.php\/wp-json\/wp\/v2\/users\/2"}],"replies":[{"embeddable":true,"href":"https:\/\/diariorepublica.com.ar\/web\/index.php\/wp-json\/wp\/v2\/comments?post=4170"}],"version-history":[{"count":2,"href":"https:\/\/diariorepublica.com.ar\/web\/index.php\/wp-json\/wp\/v2\/posts\/4170\/revisions"}],"predecessor-version":[{"id":4174,"href":"https:\/\/diariorepublica.com.ar\/web\/index.php\/wp-json\/wp\/v2\/posts\/4170\/revisions\/4174"}],"wp:featuredmedia":[{"embeddable":true,"href":"https:\/\/diariorepublica.com.ar\/web\/index.php\/wp-json\/wp\/v2\/media\/4171"}],"wp:attachment":[{"href":"https:\/\/diariorepublica.com.ar\/web\/index.php\/wp-json\/wp\/v2\/media?parent=4170"}],"wp:term":[{"taxonomy":"category","embeddable":true,"href":"https:\/\/diariorepublica.com.ar\/web\/index.php\/wp-json\/wp\/v2\/categories?post=4170"},{"taxonomy":"post_tag","embeddable":true,"href":"https:\/\/diariorepublica.com.ar\/web\/index.php\/wp-json\/wp\/v2\/tags?post=4170"}],"curies":[{"name":"wp","href":"https:\/\/api.w.org\/{rel}","templated":true}]}}