{"id":4207,"date":"2023-06-22T06:17:00","date_gmt":"2023-06-22T09:17:00","guid":{"rendered":"https:\/\/diariorepublica.com.ar\/web\/?p=4207"},"modified":"2023-06-22T07:18:41","modified_gmt":"2023-06-22T10:18:41","slug":"la-provincia-avanza-con-obra-para-independizar-el-sistema-de-energia-electrica-en-el-este","status":"publish","type":"post","link":"https:\/\/diariorepublica.com.ar\/web\/index.php\/sociedad\/2023\/06\/22\/la-provincia-avanza-con-obra-para-independizar-el-sistema-de-energia-electrica-en-el-este\/","title":{"rendered":"La Provincia avanza con obra para independizar el sistema de energ\u00eda el\u00e9ctrica en el Este"},"content":{"rendered":"<p>En el marco de su visita a Tapso, el gobernador Ra\u00fal Jalil junto al vicegobernador Rub\u00e9n Dusso, y el ministro de Agua, Energ\u00eda y Medio Ambiente, Lucas Zampieri, recorrieron la obra de ampliaci\u00f3n de la ET Las Ca\u00f1as para repotenciar el sistema de energ\u00eda el\u00e9ctrica en el Este.<\/p>\n<p>Esta Estaci\u00f3n Transformadora (ET) se ubica sobre la l\u00ednea que viene de Santiago del Estero hasta ET Huacra. Desde el Gobierno Provincial se avanza con esta ampliaci\u00f3n con el objetivo de independizar el sistema de algunos distribuidores que son alimentados desde Santiago del Estero.<\/p>\n<p>Seg\u00fan explicaron desde el Ministerio de Agua, Energ\u00eda y Medio Ambiente, se instal\u00f3 un nuevo transformador de 30 MVA para reforzar el sistema de energ\u00eda el\u00e9ctrica del Este.<\/p>\n<p>Se estima que la obra total podr\u00eda estar concluida en 45 d\u00edas y beneficiar\u00e1 a los vecinos y vecinas de los departamentos de Santa Rosa, El Alto y Ancasti. Adem\u00e1s, la nueva ET permitir\u00e1 un mejor suministro para la zona agroganadera de los departamentos, equilibrar la distribuci\u00f3n de la demanda y disponer de mejores potencias de acuerdo a las solicitudes de grandes emprendimientos agroindustriales que ya est\u00e1n radicados en la zona.<\/p>\n<p>Adem\u00e1s, las instalaciones quedar\u00e1n adecuadas con una proyecci\u00f3n para ampliar a otro transformador de 30 MVA que repotenciar\u00e1 a\u00fan m\u00e1s el servicio. La obra demand\u00f3 la provisi\u00f3n y montaje de materiales, equipamiento electromec\u00e1nico y su posterior puesta en marcha.<\/p>\n","protected":false},"excerpt":{"rendered":"<p>En el marco de su visita a Tapso, el gobernador Ra\u00fal Jalil junto al vicegobernador Rub\u00e9n Dusso, y el ministro<\/p>\n","protected":false},"author":1,"featured_media":4208,"comment_status":"closed","ping_status":"closed","sticky":false,"template":"","format":"standard","meta":{"footnotes":"","jetpack_publicize_message":"","jetpack_publicize_feature_enabled":true,"jetpack_social_post_already_shared":false,"jetpack_social_options":{"image_generator_settings":{"template":"highway","enabled":false},"version":2}},"categories":[3],"tags":[],"class_list":["post-4207","post","type-post","status-publish","format-standard","has-post-thumbnail","hentry","category-sociedad"],"jetpack_publicize_connections":[],"_links":{"self":[{"href":"https:\/\/diariorepublica.com.ar\/web\/index.php\/wp-json\/wp\/v2\/posts\/4207"}],"collection":[{"href":"https:\/\/diariorepublica.com.ar\/web\/index.php\/wp-json\/wp\/v2\/posts"}],"about":[{"href":"https:\/\/diariorepublica.com.ar\/web\/index.php\/wp-json\/wp\/v2\/types\/post"}],"author":[{"embeddable":true,"href":"https:\/\/diariorepublica.com.ar\/web\/index.php\/wp-json\/wp\/v2\/users\/1"}],"replies":[{"embeddable":true,"href":"https:\/\/diariorepublica.com.ar\/web\/index.php\/wp-json\/wp\/v2\/comments?post=4207"}],"version-history":[{"count":1,"href":"https:\/\/diariorepublica.com.ar\/web\/index.php\/wp-json\/wp\/v2\/posts\/4207\/revisions"}],"predecessor-version":[{"id":4209,"href":"https:\/\/diariorepublica.com.ar\/web\/index.php\/wp-json\/wp\/v2\/posts\/4207\/revisions\/4209"}],"wp:featuredmedia":[{"embeddable":true,"href":"https:\/\/diariorepublica.com.ar\/web\/index.php\/wp-json\/wp\/v2\/media\/4208"}],"wp:attachment":[{"href":"https:\/\/diariorepublica.com.ar\/web\/index.php\/wp-json\/wp\/v2\/media?parent=4207"}],"wp:term":[{"taxonomy":"category","embeddable":true,"href":"https:\/\/diariorepublica.com.ar\/web\/index.php\/wp-json\/wp\/v2\/categories?post=4207"},{"taxonomy":"post_tag","embeddable":true,"href":"https:\/\/diariorepublica.com.ar\/web\/index.php\/wp-json\/wp\/v2\/tags?post=4207"}],"curies":[{"name":"wp","href":"https:\/\/api.w.org\/{rel}","templated":true}]}}