{"id":4227,"date":"2023-06-22T07:00:00","date_gmt":"2023-06-22T10:00:00","guid":{"rendered":"https:\/\/diariorepublica.com.ar\/web\/?p=4227"},"modified":"2023-06-22T07:39:38","modified_gmt":"2023-06-22T10:39:38","slug":"martin-fierro-de-la-television-2023-la-lista-con-todos-los-nominados","status":"publish","type":"post","link":"https:\/\/diariorepublica.com.ar\/web\/index.php\/espectaculos\/2023\/06\/22\/martin-fierro-de-la-television-2023-la-lista-con-todos-los-nominados\/","title":{"rendered":"Mart\u00edn Fierro de la televisi\u00f3n 2023: la lista con todos los nominados"},"content":{"rendered":"<article id=\"article-post\" class=\"first\">\n<div class=\"cuerpo\" data-twitter-link=\"https:\/\/twitter.com\/intent\/tweet?url=https:\/\/www.diariopopular.com.ar\/c723085&amp;via=poopulardiario&amp;related=Popular&amp;text=\">\n<p>Luis Ventura fue a \u201cCort\u00e1 por Lozano\u201d para anunciar a los nominados a los Premios Mart\u00edn Fierro de la televisi\u00f3n, que\u00a0<strong>se entregar\u00e1n el pr\u00f3ximo 9 de julio, con la conducci\u00f3n de Santiago del Moro<\/strong>.<\/p>\n<\/div>\n<\/article>\n<article id=\"article-post\">\n<div class=\"cuerpo\" data-twitter-link=\"https:\/\/twitter.com\/intent\/tweet?url=https:\/\/www.diariopopular.com.ar\/c723085&amp;via=poopulardiario&amp;related=Popular&amp;text=\">\n<p>Por su parte,\u00a0<strong>Iv\u00e1n de Pineda, Roberto Funes Ugarte, Victoria Xipolitakis, Wanda Nara y Dami\u00e1n Betular har\u00e1n participaciones la noche de la entrega<\/strong>, anunci\u00f3 el presidente de Aptra, as\u00ed como<strong>\u00a0tambi\u00e9n contar\u00e1 con la presencia de Susana Gim\u00e9nez y con un show de Natalia Oreiro<\/strong>.<\/p>\n<h2><strong>La lista de nominados a los Mart\u00edn Fierro<\/strong><\/h2>\n<p><strong>Mejor Ficci\u00f3n:<\/strong><\/p>\n<p>&#8211; Dos 20, TV P\u00fablica<\/p>\n<p>&#8211; El hincha, El Nueve<\/p>\n<p>&#8211; 1, 5, 18, El Trece<\/p>\n<p>&#8211; El primero de nosotros, Telefe<\/p>\n<p><strong>Period\u00edstico:<\/strong><\/p>\n<p>&#8211; Animales sueltos, Am\u00e9rica<\/p>\n<p>&#8211; Opini\u00f3n p\u00fablica, El Nueve<\/p>\n<p>&#8211; Periodismo para todos, El Trece<\/p>\n<p><strong>Humor\u00edstico\/actualidad:<\/strong><\/p>\n<p>&#8211; Bendita, El Nueve<\/p>\n<p>&#8211; La puta ama, Am\u00e9rica<\/p>\n<p>&#8211; No es tan tarde, Telefe<\/p>\n<p><strong>Noticiero diurno:<\/strong><\/p>\n<p>&#8211; Am\u00e9rica noticias, Am\u00e9rica<\/p>\n<p>&#8211; El noti de la gente, Telefe<\/p>\n<p>&#8211; Telenueve al mediod\u00eda, El Nueve<\/p>\n<p><strong>Noticiero nocturno:<\/strong><\/p>\n<p>&#8211; Am\u00e9rica noticias, Am\u00e9rica<\/p>\n<p>&#8211; En s\u00edntesis, El Trece<\/p>\n<p>&#8211; Telefe noticias, Telefe<\/p>\n<p><strong>Inter\u00e9s general:<\/strong><\/p>\n<p>&#8211; Almorzando con Juana, El Trece<\/p>\n<p>&#8211; Gran Hermano el debate, Telefe<\/p>\n<p>&#8211; Podemos hablar, Telefe<\/p>\n<p><strong>Magazine:<\/strong><\/p>\n<p>&#8211; A la Barbarossa, Telefe<\/p>\n<p>&#8211; A la tarde, Am\u00e9rica<\/p>\n<p>&#8211; Cort\u00e1 por Lozano, Telefe<\/p>\n<p><strong>Entretenimiento\/juegos:<\/strong><\/p>\n<p>&#8211; Cien argentinos dicen, El Trece<\/p>\n<p>&#8211; Bienvenidos a bordo, El Trece<\/p>\n<p>&#8211; Trato Hecho, Telefe<\/p>\n<p><strong>Entretenimiento\/conocimiento:<\/strong><\/p>\n<p>&#8211; La hora exacta, El nueve<\/p>\n<p>&#8211; Los ocho escalones del mill\u00f3n, El Trece<\/p>\n<p>&#8211; Pasapalabra, Telefe<\/p>\n<p><strong>Big Show:<\/strong><\/p>\n<p>&#8211; Canta conmigo ahora, El Trece<\/p>\n<p>&#8211; La voz argentina, Telefe<\/p>\n<p>&#8211; Qui\u00e9n es la m\u00e1scara, Telefe<\/p>\n<p><strong>Reality:<\/strong><\/p>\n<p>&#8211; Hotel de los famosos, El Trece<\/p>\n<p>&#8211; Gran Hermano, Telefe<\/p>\n<p>&#8211; MasterChef Celebrity, Telefe<\/p>\n<p><strong>Labor conducci\u00f3n masculina:<\/strong><\/p>\n<p>&#8211; \u00c1ngel de Brito, LAM, Am\u00e9rica<\/p>\n<p>&#8211; Santiago del Moro, Gran Hermano y MasterChef Celebrity, Telefe<\/p>\n<p>&#8211; Guido Kaczka, Los ocho escalones del mill\u00f3n, El Trece<\/p>\n<p>&#8211; Coco Sily, Noche de mente, TV P\u00fablica<\/p>\n<p>&#8211; Alejandro Marley, Por el mundo, Por el mundo mundial y La Voz, Telefe<\/p>\n<p><strong>Labor conducci\u00f3n femenina:<\/strong><\/p>\n<p>&#8211; Carolina \u201cPampita\u201d Ardoha\u00edn, El hotel de los famosos, El Trece<\/p>\n<p>&#8211; Georgina Barbarossa, A la Barbarossa, Telefe<\/p>\n<p>&#8211; Mirtha Legrand, La noche de Mirtha, El Trece<\/p>\n<p>&#8211; Ver\u00f3nica Lozano, Cort\u00e1 por Lozano, Telefe<\/p>\n<p><strong>Labor period\u00edstica masculina:<\/strong><\/p>\n<p>&#8211; Rodolfo Barilli, Telefe Noticias, Telefe<\/p>\n<p>&#8211; Rolando Gra\u00f1a, Am\u00e9rcia Noticias, Am\u00e9rica<\/p>\n<p>&#8211; Jorge Lanata, Periodismo para todos, El Trece<\/p>\n<p>&#8211; Mauro Szeta, El noticiero de la gente, Telefe<\/p>\n<p><strong>Labor period\u00edstica femenina:<\/strong><\/p>\n<p>&#8211; Liliana Caruso, Am\u00e9rica noticias, Am\u00e9rica<\/p>\n<p>&#8211; Angela Lerena, Rumbo a Qatar, TV P\u00fablica<\/p>\n<p>&#8211; Dominique Metzger, Telenoche, El Trece<\/p>\n<p><strong>Cronista\/Movilero:<\/strong><\/p>\n<p>&#8211; Carolina Amoroso, Telenoche, El Trece<\/p>\n<p>&#8211; Guillermo Panizza, Telefe Noticias, Telefe<\/p>\n<p>&#8211; Gustavo Tubio, Arriba Argentinos, El Trece<\/p>\n<p><strong>Panelista:<\/strong><\/p>\n<p>&#8211; Mariel Di Lenarda, Nosotros a la ma\u00f1ana, El Trece<\/p>\n<p>&#8211; Yanina Latorre, LAM, Am\u00e9rica<\/p>\n<p>&#8211; Sol P\u00e9rez, El Debate de Gran Hermano, Telefe<\/p>\n<p><strong>Producci\u00f3n integral:<\/strong><\/p>\n<p>&#8211; Gran Hermano, Telefe<\/p>\n<p>&#8211; La voz, Telefe<\/p>\n<p>&#8211; Qui\u00e9n es la m\u00e1scara, Telefe<\/p>\n<p><strong>Actor protagonista de ficci\u00f3n:<\/strong><\/p>\n<p>&#8211; Luciano Castro, El primero de nosotros, Telefe<\/p>\n<p>&#8211; Dami\u00e1n de santo, El primero de nosotros, Telefe<\/p>\n<p>&#8211; Luis Mach\u00edn, El hincha, El Nueve<\/p>\n<p>&#8211; Benjam\u00edn Vicu\u00f1a, El primero de nosotros, Telefe<\/p>\n<p><strong>Actriz protagonista de ficci\u00f3n:<\/strong><\/p>\n<p>&#8211; Selva Aleman, Activamente, Dos 20, TV P\u00fablica<\/p>\n<p>&#8211; Jorgelina Aruzzi, El primero de nosotros, Telefe<\/p>\n<p>&#8211; Mercedes Funes, El primero de nosotros, Telefe<\/p>\n<p>&#8211; Paola Krum, El primero de nosotros, Telefe<\/p>\n<p><strong>Deportivo:<\/strong><\/p>\n<p>&#8211; Pasi\u00f3n por el f\u00fatbol, El Trece<\/p>\n<p>&#8211; Selecci\u00f3n Argentina, la serie, El Nueve<\/p>\n<p>&#8211; Somos mundiales, TV P\u00fablica<\/p>\n<p><strong>Musical:<\/strong><\/p>\n<p>&#8211; Festival pa\u00eds, TV P\u00fablica<\/p>\n<p>&#8211; La pe\u00f1a de morfi, Telefe<\/p>\n<p>&#8211; Pasi\u00f3n de s\u00e1bado, Am\u00e9rica<\/p>\n<p>&#8211; Puente musical, El Nueve<\/p>\n<p>&#8211; Un\u00edsono, TV P\u00fablica<\/p>\n<p><strong>Gastronom\u00eda:<\/strong><\/p>\n<p>&#8211; Ariel en su salsa, Telefe<\/p>\n<p>&#8211; Cocineros y cocineras argentinos, TV P\u00fablica<\/p>\n<p>&#8211; \u00a1Que ma\u00f1ana!, El Nueve<\/p>\n<p><strong>Viajes\/Turismo:<\/strong><\/p>\n<p>&#8211; Un peque\u00f1o gran viaje, Telefe<\/p>\n<p>&#8211; Pa\u00eds Federal, TV P\u00fablica<\/p>\n<p>&#8211; Resto del mundo, El Trece<\/p>\n<p><strong>Actor de reparto:<\/strong><\/p>\n<p>&#8211; Daniel Fanego, El primero de nosotros, Telefe<\/p>\n<p>&#8211; Sebasti\u00e1n Presta, El primero de nosotros, Telefe<\/p>\n<p>&#8211; Daniel Valenzuela, El hincha, El Nueve<\/p>\n<p><strong>Actriz de reparto:<\/strong><\/p>\n<p>&#8211; Carola Reyna, El primero de nosotros, Telefe<\/p>\n<p>&#8211; Nancy Dupla\u00e1, Supernova, El Nueve<\/p>\n<p>&#8211; Violeta Urtizberea, 1, 5, 18, El Trece<\/p>\n<p><strong>Revelaci\u00f3n:<\/strong><\/p>\n<p>&#8211; Federico Bal, Resto del mundo, El Trece<\/p>\n<p>&#8211; Roc\u00edo G\u00f3mez Wlosko, el primero de nosotros, Telefe<\/p>\n<p>&#8211; Wanda Nara, Qui\u00e9n es la m\u00e1scara, Telefe<\/p>\n<p><strong>Cultural\/Educativo:<\/strong><\/p>\n<p>&#8211; Archivo general de la emoci\u00f3n, TV P\u00fablica<\/p>\n<p>&#8211; La liga de la ciencia, TV P\u00fablica<\/p>\n<p>&#8211; Noche de mente, TV P\u00fablica<\/p>\n<\/div>\n<\/article>\n","protected":false},"excerpt":{"rendered":"<p>Luis Ventura fue a \u201cCort\u00e1 por Lozano\u201d para anunciar a los nominados a los Premios Mart\u00edn Fierro de la televisi\u00f3n,<\/p>\n","protected":false},"author":1,"featured_media":4228,"comment_status":"closed","ping_status":"closed","sticky":false,"template":"","format":"standard","meta":{"footnotes":"","jetpack_publicize_message":"","jetpack_publicize_feature_enabled":true,"jetpack_social_post_already_shared":false,"jetpack_social_options":{"image_generator_settings":{"template":"highway","enabled":false},"version":2}},"categories":[7],"tags":[],"class_list":["post-4227","post","type-post","status-publish","format-standard","has-post-thumbnail","hentry","category-espectaculos"],"jetpack_publicize_connections":[],"_links":{"self":[{"href":"https:\/\/diariorepublica.com.ar\/web\/index.php\/wp-json\/wp\/v2\/posts\/4227"}],"collection":[{"href":"https:\/\/diariorepublica.com.ar\/web\/index.php\/wp-json\/wp\/v2\/posts"}],"about":[{"href":"https:\/\/diariorepublica.com.ar\/web\/index.php\/wp-json\/wp\/v2\/types\/post"}],"author":[{"embeddable":true,"href":"https:\/\/diariorepublica.com.ar\/web\/index.php\/wp-json\/wp\/v2\/users\/1"}],"replies":[{"embeddable":true,"href":"https:\/\/diariorepublica.com.ar\/web\/index.php\/wp-json\/wp\/v2\/comments?post=4227"}],"version-history":[{"count":1,"href":"https:\/\/diariorepublica.com.ar\/web\/index.php\/wp-json\/wp\/v2\/posts\/4227\/revisions"}],"predecessor-version":[{"id":4229,"href":"https:\/\/diariorepublica.com.ar\/web\/index.php\/wp-json\/wp\/v2\/posts\/4227\/revisions\/4229"}],"wp:featuredmedia":[{"embeddable":true,"href":"https:\/\/diariorepublica.com.ar\/web\/index.php\/wp-json\/wp\/v2\/media\/4228"}],"wp:attachment":[{"href":"https:\/\/diariorepublica.com.ar\/web\/index.php\/wp-json\/wp\/v2\/media?parent=4227"}],"wp:term":[{"taxonomy":"category","embeddable":true,"href":"https:\/\/diariorepublica.com.ar\/web\/index.php\/wp-json\/wp\/v2\/categories?post=4227"},{"taxonomy":"post_tag","embeddable":true,"href":"https:\/\/diariorepublica.com.ar\/web\/index.php\/wp-json\/wp\/v2\/tags?post=4227"}],"curies":[{"name":"wp","href":"https:\/\/api.w.org\/{rel}","templated":true}]}}