{"id":4233,"date":"2023-06-22T07:56:06","date_gmt":"2023-06-22T10:56:06","guid":{"rendered":"https:\/\/diariorepublica.com.ar\/web\/?p=4233"},"modified":"2023-06-22T07:56:07","modified_gmt":"2023-06-22T10:56:07","slug":"solicitan-a-la-justicia-electoral-que-suspenda-las-paso-en-icano","status":"publish","type":"post","link":"https:\/\/diariorepublica.com.ar\/web\/index.php\/politica\/2023\/06\/22\/solicitan-a-la-justicia-electoral-que-suspenda-las-paso-en-icano\/","title":{"rendered":"Solicitan a la Justicia Electoral que suspenda las PASO en Ica\u00f1o"},"content":{"rendered":"<p>La concejala Ivana Ferreyra, en dialogo con FM REPUBLICA 103.1,\u00a0 anunci\u00f3 que presentar\u00e1 ante el Juzgado Electoral para que se suspendan los comicios debido a que hay una obscena cantidad de nombres agregados de manera irregular en el padr\u00f3n de electores. Por este hecho, apunta directamente a los Carletta.<\/p>\n<p>En este sentido, apunt\u00f3 que exigir\u00e1 junto al candidato del radicalismo, Ariel Salabarria, que la Justicia Electoral verifique la residencia de quienes figuren en el departamento La Paz.<\/p>\n<p>\u201cHaremos la presentaci\u00f3n que corresponde en el Juzgado Electoral el d\u00eda de ma\u00f1ana. Estamos ante un fraude electoral, no son 100 o 200 personas, estamos hablando de 900 a 1000 personas que se han agregado al \u00faltimo padr\u00f3n electoral. Con vistas a que este sea el padr\u00f3n para las pr\u00f3ximas elecciones, no hay ning\u00fan tipo de transparencia cuando estas personas son agregadas de manera irregular\u201d<\/p>\n","protected":false},"excerpt":{"rendered":"<p>La concejala Ivana Ferreyra, en dialogo con FM REPUBLICA 103.1,\u00a0 anunci\u00f3 que presentar\u00e1 ante el Juzgado Electoral para que se<\/p>\n","protected":false},"author":2,"featured_media":4234,"comment_status":"closed","ping_status":"closed","sticky":false,"template":"","format":"standard","meta":{"footnotes":"","jetpack_publicize_message":"","jetpack_publicize_feature_enabled":true,"jetpack_social_post_already_shared":false,"jetpack_social_options":{"image_generator_settings":{"template":"highway","enabled":false},"version":2}},"categories":[12],"tags":[],"class_list":["post-4233","post","type-post","status-publish","format-standard","has-post-thumbnail","hentry","category-politica"],"jetpack_publicize_connections":[],"_links":{"self":[{"href":"https:\/\/diariorepublica.com.ar\/web\/index.php\/wp-json\/wp\/v2\/posts\/4233"}],"collection":[{"href":"https:\/\/diariorepublica.com.ar\/web\/index.php\/wp-json\/wp\/v2\/posts"}],"about":[{"href":"https:\/\/diariorepublica.com.ar\/web\/index.php\/wp-json\/wp\/v2\/types\/post"}],"author":[{"embeddable":true,"href":"https:\/\/diariorepublica.com.ar\/web\/index.php\/wp-json\/wp\/v2\/users\/2"}],"replies":[{"embeddable":true,"href":"https:\/\/diariorepublica.com.ar\/web\/index.php\/wp-json\/wp\/v2\/comments?post=4233"}],"version-history":[{"count":1,"href":"https:\/\/diariorepublica.com.ar\/web\/index.php\/wp-json\/wp\/v2\/posts\/4233\/revisions"}],"predecessor-version":[{"id":4235,"href":"https:\/\/diariorepublica.com.ar\/web\/index.php\/wp-json\/wp\/v2\/posts\/4233\/revisions\/4235"}],"wp:featuredmedia":[{"embeddable":true,"href":"https:\/\/diariorepublica.com.ar\/web\/index.php\/wp-json\/wp\/v2\/media\/4234"}],"wp:attachment":[{"href":"https:\/\/diariorepublica.com.ar\/web\/index.php\/wp-json\/wp\/v2\/media?parent=4233"}],"wp:term":[{"taxonomy":"category","embeddable":true,"href":"https:\/\/diariorepublica.com.ar\/web\/index.php\/wp-json\/wp\/v2\/categories?post=4233"},{"taxonomy":"post_tag","embeddable":true,"href":"https:\/\/diariorepublica.com.ar\/web\/index.php\/wp-json\/wp\/v2\/tags?post=4233"}],"curies":[{"name":"wp","href":"https:\/\/api.w.org\/{rel}","templated":true}]}}