{"id":4237,"date":"2023-06-22T08:01:04","date_gmt":"2023-06-22T11:01:04","guid":{"rendered":"https:\/\/diariorepublica.com.ar\/web\/?p=4237"},"modified":"2023-06-22T08:01:06","modified_gmt":"2023-06-22T11:01:06","slug":"son-horas-bastante-algidas-de-negociaciones","status":"publish","type":"post","link":"https:\/\/diariorepublica.com.ar\/web\/index.php\/politica\/2023\/06\/22\/son-horas-bastante-algidas-de-negociaciones\/","title":{"rendered":"\u00abSon horas bastante \u00e1lgidas de negociaciones\u00bb"},"content":{"rendered":"<p>El diputado Tiago Puente (UCR) afirm\u00f3 que la L\u00ednea Celeste contin\u00faa detr\u00e1s de Alfredo Marchioli, como candidato a gobernador. La expectativa del sector es conformar una lista de unidad, pero ya se anticipa que hay pocas probabilidades.<\/p>\n<p>\u00abSon horas bastante \u00e1lgidas de negociaciones como cualquier proceso de cierre de lista hasta el d\u00eda s\u00e1bado. Nosotros venimos trabajando en conjunto con el diputado Alfredo Marchioli. Estamos dialogando con absolutamente todos los sectores y partidos pol\u00edticos. El anhelo de todos es la lista de unidad. Yo creo que hoy estamos un poco lejos de esa posibilidad, pero jam\u00e1s hay que descartarlas, los di\u00e1logos siguen y est\u00e1 absolutamente abierto con todos, pero en ese sentido nosotros venimos trabajando para fomentar una propuesta provincial potente\u00bb<\/p>\n<p>Mas adelante, Puente expres\u00f3 que las \u00faltimas 48 horas de cualquier proceso son claves para lograr cualquier tipo de alianza. \u00abSeguro que hay que anteponer cualquier pretensi\u00f3n personal para construir algo m\u00e1s potente y s\u00f3lido. Eso sin duda tiene que ser una premisa tambi\u00e9n para las construcciones colectivas. Yo expres\u00e9 que anhelo ser candidato a intendente, hasta el s\u00e1bado que es el d\u00eda del cierre de listas seguimos trabajando, Marchioli es nuestro candidato a gobernador\u00bb, afirm\u00f3<\/p>\n<p>\u00a0<\/p>\n","protected":false},"excerpt":{"rendered":"<p>El diputado Tiago Puente (UCR) afirm\u00f3 que la L\u00ednea Celeste contin\u00faa detr\u00e1s de Alfredo Marchioli, como candidato a gobernador. La<\/p>\n","protected":false},"author":2,"featured_media":4238,"comment_status":"closed","ping_status":"closed","sticky":false,"template":"","format":"standard","meta":{"footnotes":"","jetpack_publicize_message":"","jetpack_publicize_feature_enabled":true,"jetpack_social_post_already_shared":false,"jetpack_social_options":{"image_generator_settings":{"template":"highway","enabled":false},"version":2}},"categories":[12],"tags":[],"class_list":["post-4237","post","type-post","status-publish","format-standard","has-post-thumbnail","hentry","category-politica"],"jetpack_publicize_connections":[],"_links":{"self":[{"href":"https:\/\/diariorepublica.com.ar\/web\/index.php\/wp-json\/wp\/v2\/posts\/4237"}],"collection":[{"href":"https:\/\/diariorepublica.com.ar\/web\/index.php\/wp-json\/wp\/v2\/posts"}],"about":[{"href":"https:\/\/diariorepublica.com.ar\/web\/index.php\/wp-json\/wp\/v2\/types\/post"}],"author":[{"embeddable":true,"href":"https:\/\/diariorepublica.com.ar\/web\/index.php\/wp-json\/wp\/v2\/users\/2"}],"replies":[{"embeddable":true,"href":"https:\/\/diariorepublica.com.ar\/web\/index.php\/wp-json\/wp\/v2\/comments?post=4237"}],"version-history":[{"count":1,"href":"https:\/\/diariorepublica.com.ar\/web\/index.php\/wp-json\/wp\/v2\/posts\/4237\/revisions"}],"predecessor-version":[{"id":4239,"href":"https:\/\/diariorepublica.com.ar\/web\/index.php\/wp-json\/wp\/v2\/posts\/4237\/revisions\/4239"}],"wp:featuredmedia":[{"embeddable":true,"href":"https:\/\/diariorepublica.com.ar\/web\/index.php\/wp-json\/wp\/v2\/media\/4238"}],"wp:attachment":[{"href":"https:\/\/diariorepublica.com.ar\/web\/index.php\/wp-json\/wp\/v2\/media?parent=4237"}],"wp:term":[{"taxonomy":"category","embeddable":true,"href":"https:\/\/diariorepublica.com.ar\/web\/index.php\/wp-json\/wp\/v2\/categories?post=4237"},{"taxonomy":"post_tag","embeddable":true,"href":"https:\/\/diariorepublica.com.ar\/web\/index.php\/wp-json\/wp\/v2\/tags?post=4237"}],"curies":[{"name":"wp","href":"https:\/\/api.w.org\/{rel}","templated":true}]}}