{"id":4240,"date":"2023-06-22T08:25:54","date_gmt":"2023-06-22T11:25:54","guid":{"rendered":"https:\/\/diariorepublica.com.ar\/web\/?p=4240"},"modified":"2023-06-22T08:25:55","modified_gmt":"2023-06-22T11:25:55","slug":"nuevas-ablaciones-en-catamarca","status":"publish","type":"post","link":"https:\/\/diariorepublica.com.ar\/web\/index.php\/sociedad\/2023\/06\/22\/nuevas-ablaciones-en-catamarca\/","title":{"rendered":"Nuevas ablaciones en Catamarca"},"content":{"rendered":"<p>Durante el fin de semana largo, la Coordinadora de Ablaci\u00f3n e Implantes de Catamarca (CAICA), dependiente del Ministerio de Salud, realiz\u00f3 dos ablaciones de \u00f3rganos y tejidos.<\/p>\n<p>El d\u00eda viernes a la noche se llev\u00f3 a cabo un proceso de ablaci\u00f3n de c\u00f3rneas en el Hospital Interzonal San Juan Bautista.<\/p>\n<p>El donante fue un paciente de sexo masculino de 23 a\u00f1os y la familia acompa\u00f1\u00f3 el proceso. La coordinaci\u00f3n general estuvo a cargo del Dr. Marcelo Lobo y en el desarrollo del proceso el Lic. Leandro Andrada Cativa y la Dra. Yanina Carrizo.<\/p>\n<p>Tambi\u00e9n, el d\u00eda domingo, se realiz\u00f3 una nueva ablaci\u00f3n multiorg\u00e1nica, coordinada por el Dr. Marcelo Lobo. En el desarrollo del proceso de donaci\u00f3n participaron la Dra. Mar\u00eda Jos\u00e9 Cecenarro, la enfermera Claudia Ponce, el Dr. Ricardo Figueroa a cargo del examen neurol\u00f3gico y certificaciones, en la coordinaci\u00f3n operativa el Sr. Inti Cortez y la Lic. Mirta Castro, y los ablacionistas renales doctores Erick Acosta y Franco Coronel.<\/p>\n<p>El donante fue una paciente de sexo masculino de 66 a\u00f1os y la familia acompa\u00f1o el proceso de donaci\u00f3n.<\/p>\n<p>El coordinador del CAICA, Marcelo Lobo, explic\u00f3 que, de este \u00faltimo proceso, \u201clos receptores de los ri\u00f1ones fueron dos personas masculinas, y las c\u00f3rneas de ambas ablaciones se encuentran en proceso de clasificaci\u00f3n, pero ser\u00e1n para cuatro catamarque\u00f1os, al igual que los renales\u201d.<\/p>\n","protected":false},"excerpt":{"rendered":"<p>Durante el fin de semana largo, la Coordinadora de Ablaci\u00f3n e Implantes de Catamarca (CAICA), dependiente del Ministerio de Salud,<\/p>\n","protected":false},"author":2,"featured_media":4244,"comment_status":"closed","ping_status":"closed","sticky":false,"template":"","format":"standard","meta":{"footnotes":"","jetpack_publicize_message":"","jetpack_publicize_feature_enabled":true,"jetpack_social_post_already_shared":false,"jetpack_social_options":{"image_generator_settings":{"template":"highway","enabled":false},"version":2}},"categories":[3],"tags":[],"class_list":["post-4240","post","type-post","status-publish","format-standard","has-post-thumbnail","hentry","category-sociedad"],"jetpack_publicize_connections":[],"_links":{"self":[{"href":"https:\/\/diariorepublica.com.ar\/web\/index.php\/wp-json\/wp\/v2\/posts\/4240"}],"collection":[{"href":"https:\/\/diariorepublica.com.ar\/web\/index.php\/wp-json\/wp\/v2\/posts"}],"about":[{"href":"https:\/\/diariorepublica.com.ar\/web\/index.php\/wp-json\/wp\/v2\/types\/post"}],"author":[{"embeddable":true,"href":"https:\/\/diariorepublica.com.ar\/web\/index.php\/wp-json\/wp\/v2\/users\/2"}],"replies":[{"embeddable":true,"href":"https:\/\/diariorepublica.com.ar\/web\/index.php\/wp-json\/wp\/v2\/comments?post=4240"}],"version-history":[{"count":1,"href":"https:\/\/diariorepublica.com.ar\/web\/index.php\/wp-json\/wp\/v2\/posts\/4240\/revisions"}],"predecessor-version":[{"id":4245,"href":"https:\/\/diariorepublica.com.ar\/web\/index.php\/wp-json\/wp\/v2\/posts\/4240\/revisions\/4245"}],"wp:featuredmedia":[{"embeddable":true,"href":"https:\/\/diariorepublica.com.ar\/web\/index.php\/wp-json\/wp\/v2\/media\/4244"}],"wp:attachment":[{"href":"https:\/\/diariorepublica.com.ar\/web\/index.php\/wp-json\/wp\/v2\/media?parent=4240"}],"wp:term":[{"taxonomy":"category","embeddable":true,"href":"https:\/\/diariorepublica.com.ar\/web\/index.php\/wp-json\/wp\/v2\/categories?post=4240"},{"taxonomy":"post_tag","embeddable":true,"href":"https:\/\/diariorepublica.com.ar\/web\/index.php\/wp-json\/wp\/v2\/tags?post=4240"}],"curies":[{"name":"wp","href":"https:\/\/api.w.org\/{rel}","templated":true}]}}