{"id":4319,"date":"2023-06-23T13:58:00","date_gmt":"2023-06-23T16:58:00","guid":{"rendered":"https:\/\/diariorepublica.com.ar\/web\/?p=4319"},"modified":"2023-06-23T17:58:59","modified_gmt":"2023-06-23T20:58:59","slug":"horacio-rodriguez-larreta-confirmo-que-gerardo-morales-sera-su-companero-de-formula","status":"publish","type":"post","link":"https:\/\/diariorepublica.com.ar\/web\/index.php\/politica\/2023\/06\/23\/horacio-rodriguez-larreta-confirmo-que-gerardo-morales-sera-su-companero-de-formula\/","title":{"rendered":"Horacio Rodr\u00edguez Larreta confirm\u00f3 que Gerardo Morales ser\u00e1 su compa\u00f1ero de f\u00f3rmula"},"content":{"rendered":"<article id=\"article-post\" class=\"first\">\n<div class=\"cuerpo\" data-twitter-link=\"https:\/\/twitter.com\/intent\/tweet?url=https:\/\/www.diariopopular.com.ar\/c723606&amp;via=poopulardiario&amp;related=Popular&amp;text=\">\n<p>El jefe de Gobierno porte\u00f1o y precandidato presidencial de Juntos por el Cambio,\u00a0<strong>Horacio Rodr\u00edguez Larreta\u00a0<\/strong>anunci\u00f3 al titular del radicalismo y gobernador de Jujuy,\u00a0<strong>Gerardo Morales<\/strong>, como su compa\u00f1ero de f\u00f3rmula para competir en las PASO, a un d\u00eda del cierre de listas.<\/p>\n<\/div>\n<\/article>\n<article id=\"article-post\">\n<div class=\"cuerpo\" data-twitter-link=\"https:\/\/twitter.com\/intent\/tweet?url=https:\/\/www.diariopopular.com.ar\/c723606&amp;via=poopulardiario&amp;related=Popular&amp;text=\">\n<p><strong>\u00abLos argentinos necesitamos un cambio real, profundo, total. Uno que se mantenga en el tiempo, porque sino no sirve para nada. No podemos esperar un minuto m\u00e1s, tenemos que ir a fondo y transformar Argentina\u00bb<\/strong>, comenz\u00f3 diciendo Larreta.<\/p>\n<p><strong>\u00abEs una gran alegr\u00eda, un gran orgullo y un gran honor presentar a Gerardo Morales como quien me acompa\u00f1e como candidato a vicepresidente, para cambiarle la vida a todos los argentinos. Es un tipo de acci\u00f3n que le cambi\u00f3 la vida a los juje\u00f1os, quienes viven mucho mejor que hace 8 a\u00f1os\u00bb<\/strong>, expres\u00f3 Larreta en un acto en un sal\u00f3n en el barrio porte\u00f1o de Palermo, en el que destac\u00f3:\u00a0<strong>\u00abEs un tipo valiente que no le tiembla el pulso, esta semana vimos su temple\u00bb<\/strong>.<\/p>\n<p>La confirmaci\u00f3n del binomio Larreta-Morales se da horas antes de que venza el plazo para la presentaci\u00f3n de las listas.<\/p>\n<\/div>\n<\/article>\n","protected":false},"excerpt":{"rendered":"<p>El jefe de Gobierno porte\u00f1o y precandidato presidencial de Juntos por el Cambio,\u00a0Horacio Rodr\u00edguez Larreta\u00a0anunci\u00f3 al titular del radicalismo y<\/p>\n","protected":false},"author":1,"featured_media":4320,"comment_status":"closed","ping_status":"closed","sticky":false,"template":"","format":"standard","meta":{"footnotes":"","jetpack_publicize_message":"","jetpack_publicize_feature_enabled":true,"jetpack_social_post_already_shared":false,"jetpack_social_options":{"image_generator_settings":{"template":"highway","enabled":false},"version":2}},"categories":[12],"tags":[],"class_list":["post-4319","post","type-post","status-publish","format-standard","has-post-thumbnail","hentry","category-politica"],"jetpack_publicize_connections":[],"_links":{"self":[{"href":"https:\/\/diariorepublica.com.ar\/web\/index.php\/wp-json\/wp\/v2\/posts\/4319"}],"collection":[{"href":"https:\/\/diariorepublica.com.ar\/web\/index.php\/wp-json\/wp\/v2\/posts"}],"about":[{"href":"https:\/\/diariorepublica.com.ar\/web\/index.php\/wp-json\/wp\/v2\/types\/post"}],"author":[{"embeddable":true,"href":"https:\/\/diariorepublica.com.ar\/web\/index.php\/wp-json\/wp\/v2\/users\/1"}],"replies":[{"embeddable":true,"href":"https:\/\/diariorepublica.com.ar\/web\/index.php\/wp-json\/wp\/v2\/comments?post=4319"}],"version-history":[{"count":1,"href":"https:\/\/diariorepublica.com.ar\/web\/index.php\/wp-json\/wp\/v2\/posts\/4319\/revisions"}],"predecessor-version":[{"id":4321,"href":"https:\/\/diariorepublica.com.ar\/web\/index.php\/wp-json\/wp\/v2\/posts\/4319\/revisions\/4321"}],"wp:featuredmedia":[{"embeddable":true,"href":"https:\/\/diariorepublica.com.ar\/web\/index.php\/wp-json\/wp\/v2\/media\/4320"}],"wp:attachment":[{"href":"https:\/\/diariorepublica.com.ar\/web\/index.php\/wp-json\/wp\/v2\/media?parent=4319"}],"wp:term":[{"taxonomy":"category","embeddable":true,"href":"https:\/\/diariorepublica.com.ar\/web\/index.php\/wp-json\/wp\/v2\/categories?post=4319"},{"taxonomy":"post_tag","embeddable":true,"href":"https:\/\/diariorepublica.com.ar\/web\/index.php\/wp-json\/wp\/v2\/tags?post=4319"}],"curies":[{"name":"wp","href":"https:\/\/api.w.org\/{rel}","templated":true}]}}