{"id":4339,"date":"2023-06-26T07:43:06","date_gmt":"2023-06-26T10:43:06","guid":{"rendered":"https:\/\/diariorepublica.com.ar\/web\/?p=4339"},"modified":"2023-06-26T07:43:07","modified_gmt":"2023-06-26T10:43:07","slug":"multitudinaria-marcha-en-chaco-por-cecilia-justicia-no-venganza","status":"publish","type":"post","link":"https:\/\/diariorepublica.com.ar\/web\/index.php\/nacionales\/2023\/06\/26\/multitudinaria-marcha-en-chaco-por-cecilia-justicia-no-venganza\/","title":{"rendered":"Multitudinaria marcha en Chaco por Cecilia: \u00abJusticia, no venganza\u00bb"},"content":{"rendered":"<p>Miles de personas volvieron hoy a concentrarse en la ciudad de Resistencia para pedir justicia por Cecilia Strzyzowski, la joven de 28 a\u00f1os desaparecida, mientras su madre, Gloria Romero,\u00a0<strong>le pidi\u00f3 a los concurrentes que \u00abno tengan miedo\u00bb<\/strong>.<\/p>\n<p>\u00abNo tengan miedo.\u00a0<strong>El miedo paraliza y esta gente gobierna por el miedo. Si tienen ese poder es porque ustedes se lo dieron.<\/strong>\u00a0Ese dinero que manejan es del Estado. Y si ma\u00f1ana ustedes eligen que no lo sigan haciendo, no lo van a hacer m\u00e1s. Ustedes tienen el poder. El pueblo manda\u00bb, expres\u00f3 la mam\u00e1 de Cecilia al tomar la palabra.<\/p>\n<p>A la espera que la Justicia defina la situaci\u00f3n de quien era su yerno, C\u00e9sar Sena, y los padres del joven, los dirigentes pol\u00edticos y sociales Emerenciano Sena y Marcela Acu\u00f1a, asegur\u00f3 que no quiere que le den \u00abarresto domiciliario\u00bb.<\/p>\n<p>\u00abEs importante que haya presencia, les demostremos que no les tenemos miedo, porque el martes o mi\u00e9rcoles se toma la decisi\u00f3n de que si esta gente se va a quedar adentro, o si le van a dar la libertad, o si le van a dar arresto domiciliario, y yo no quiero un arresto domiciliario\u00bb, expres\u00f3 Romero.<\/p>\n<p><strong>\u00abSoy pacifista, pido Justicia y no venganza\u00bb<\/strong>, asegur\u00f3 Gloria, que estuvo acompa\u00f1ada del abogado Fernando Burlando, quien a diferencia de Juan Arreg\u00edn y Sergio Briend, por el momento no se hab\u00eda constituido en querellante.<\/p>\n<p>La movilizaci\u00f3n fue convocada por Gloria Romero y se trat\u00f3 de una concentraci\u00f3n frente al m\u00e1stil mayor de la avenida 9 de Julio.\u00a0En la manifestaci\u00f3n, en la que por pedido de la mam\u00e1 de Cecilia abundaron \u00abtelas, globos, flores\u00bb de color rosa, el color preferido de la joven, se pudo ver y escuchar familiares de v\u00edctimas de cr\u00edmenes tanto de Chaco como de otros puntos del pa\u00eds.<\/p>\n<p><strong>C\u00f3mo sigue la causa<\/strong><\/p>\n<p>El viernes, la familia de la v\u00edctima reconoci\u00f3 el anillo de casamiento, el dije con forma de cruz, un pedacito de cadena, un juego de llaves y un retazo del buzo rosa que compr\u00f3 d\u00edas antes de ser asesinada.\u00a0Tambi\u00e9n se realizaban peritajes en huesos humanos encontrados en un campo cercano.<\/p>\n<p>El\u00a0<strong>Equipo Forense de Georadar de Gendarmer\u00eda Nacional continuar\u00e1 a cargo de esos procedimientos este lunes<\/strong>\u00a0en el\u00a0sector que a\u00fan no se constat\u00f3, en relaci\u00f3n con esa pavimentaci\u00f3n, llevada a cabo entre el 2 y el 4 de junio, ya cuando Strzyzowski estaba desaparecida y para los fiscales ya asesinada.<\/p>\n<p>El s\u00e1bado efectuados dos operativos para intentar hallar restos de Cecilia.\u00a0Uno se hizo en la casa de los Sena, en la calle Santa Mar\u00eda de Oro 1460, donde se estima que fue el crimen, porque la joven chaque\u00f1a nunca m\u00e1s sali\u00f3 de all\u00ed.<\/p>\n<p>All\u00ed, se secuestraron elementos que pueden ser de inter\u00e9s para la investigaci\u00f3n, como dispositivos electr\u00f3nicos y objetos cortantes que ser\u00edan cuchillas para faenar animales.\u00a0Estos \u00faltimos elementos llamaron la atenci\u00f3n, porque no hab\u00edan sido encontrados en el allanamiento anterior.<\/p>\n","protected":false},"excerpt":{"rendered":"<p>Miles de personas volvieron hoy a concentrarse en la ciudad de Resistencia para pedir justicia por Cecilia Strzyzowski, la joven<\/p>\n","protected":false},"author":1,"featured_media":4340,"comment_status":"closed","ping_status":"closed","sticky":false,"template":"","format":"standard","meta":{"footnotes":"","jetpack_publicize_message":"","jetpack_publicize_feature_enabled":true,"jetpack_social_post_already_shared":false,"jetpack_social_options":{"image_generator_settings":{"template":"highway","enabled":false},"version":2}},"categories":[4],"tags":[],"class_list":["post-4339","post","type-post","status-publish","format-standard","has-post-thumbnail","hentry","category-nacionales"],"jetpack_publicize_connections":[],"_links":{"self":[{"href":"https:\/\/diariorepublica.com.ar\/web\/index.php\/wp-json\/wp\/v2\/posts\/4339"}],"collection":[{"href":"https:\/\/diariorepublica.com.ar\/web\/index.php\/wp-json\/wp\/v2\/posts"}],"about":[{"href":"https:\/\/diariorepublica.com.ar\/web\/index.php\/wp-json\/wp\/v2\/types\/post"}],"author":[{"embeddable":true,"href":"https:\/\/diariorepublica.com.ar\/web\/index.php\/wp-json\/wp\/v2\/users\/1"}],"replies":[{"embeddable":true,"href":"https:\/\/diariorepublica.com.ar\/web\/index.php\/wp-json\/wp\/v2\/comments?post=4339"}],"version-history":[{"count":1,"href":"https:\/\/diariorepublica.com.ar\/web\/index.php\/wp-json\/wp\/v2\/posts\/4339\/revisions"}],"predecessor-version":[{"id":4341,"href":"https:\/\/diariorepublica.com.ar\/web\/index.php\/wp-json\/wp\/v2\/posts\/4339\/revisions\/4341"}],"wp:featuredmedia":[{"embeddable":true,"href":"https:\/\/diariorepublica.com.ar\/web\/index.php\/wp-json\/wp\/v2\/media\/4340"}],"wp:attachment":[{"href":"https:\/\/diariorepublica.com.ar\/web\/index.php\/wp-json\/wp\/v2\/media?parent=4339"}],"wp:term":[{"taxonomy":"category","embeddable":true,"href":"https:\/\/diariorepublica.com.ar\/web\/index.php\/wp-json\/wp\/v2\/categories?post=4339"},{"taxonomy":"post_tag","embeddable":true,"href":"https:\/\/diariorepublica.com.ar\/web\/index.php\/wp-json\/wp\/v2\/tags?post=4339"}],"curies":[{"name":"wp","href":"https:\/\/api.w.org\/{rel}","templated":true}]}}