{"id":4345,"date":"2023-06-26T07:49:15","date_gmt":"2023-06-26T10:49:15","guid":{"rendered":"https:\/\/diariorepublica.com.ar\/web\/?p=4345"},"modified":"2023-06-26T07:49:16","modified_gmt":"2023-06-26T10:49:16","slug":"la-seleccion-argentina-sub-17-de-futsal-se-consagro-campeona-ante-brasil","status":"publish","type":"post","link":"https:\/\/diariorepublica.com.ar\/web\/index.php\/deportes\/2023\/06\/26\/la-seleccion-argentina-sub-17-de-futsal-se-consagro-campeona-ante-brasil\/","title":{"rendered":"La Selecci\u00f3n Argentina Sub-17 de futsal se consagr\u00f3 campeona ante Brasil"},"content":{"rendered":"<section class=\"detail-body first-paragraph\">\n<section id=\"note-body\" class=\"body-content note-body content-protected-false\" data-twitter-link=\"https:\/\/twitter.com\/intent\/tweet?url=https:\/\/www.minutouno.com\/c5754319&amp;v\u00eda=Ambitocom&amp;related=MinutoUno&amp;text=\">\n<p>El s<strong>eleccionado argentino Sub-17 de futsal\u00a0<\/strong>se consagr\u00f3 campe\u00f3n este domingo con el triunfo en la final ante\u00a0<strong>Brasil<\/strong>, por 2-1, en el\u00a0<strong>Comit\u00e9 Ol\u00edmpico de Paraguay<\/strong>.<\/p>\n<\/section>\n<\/section>\n<section class=\"detail-body second-paragraph\">\n<section class=\"body-content note-body content-protected-false\">\n<p><strong>Bruno Bettoni<\/strong>\u00a0(ST 7m) y\u00a0<strong>Bautista Caso<\/strong>\u00a0(ST 15m) marcaron para\u00a0<strong>Argentina\u00a0<\/strong>que revirti\u00f3 el resultado ante el seleccionado brasile\u00f1o que se puso en ventaja a trav\u00e9s de\u00a0<strong>Andrey Fernandes\u00a0<\/strong>(PT 7m). De esta manera, la Albiceleste se qued\u00f3 por primera vez con el campeonato en esta categor\u00eda, en su tercera edici\u00f3n.<\/p>\n<\/section>\n<\/section>\n\n\n<figure class=\"wp-block-embed is-type-rich is-provider-twitter wp-block-embed-twitter\"><div class=\"wp-block-embed__wrapper\">\n<blockquote class=\"twitter-tweet\" data-width=\"550\" data-dnt=\"true\"><p lang=\"es\" dir=\"ltr\">\ud83c\udfc6 <a href=\"https:\/\/twitter.com\/hashtag\/Futsal?src=hash&amp;ref_src=twsrc%5Etfw\">#Futsal<\/a> &#8211; <a href=\"https:\/\/twitter.com\/hashtag\/SudamericanoSub17?src=hash&amp;ref_src=twsrc%5Etfw\">#SudamericanoSub17<\/a><br><br>\ud83c\udfc5 \u00a1\u00a1\u00a1ARGENTINA CAMPE\u00d3N!!!<br><br>\u26bd Con tantos de Bruno Bettoni y Bautista Caso, el equipo dirigido por Santiago Basile derrot\u00f3 2-1 a <a href=\"https:\/\/twitter.com\/hashtag\/Brasil?src=hash&amp;ref_src=twsrc%5Etfw\">#Brasil<\/a> \ud83c\udde7\ud83c\uddf7 y se qued\u00f3 con el certamen continental.<br><br>\ud83d\udc4f \u00a1Qu\u00e9 gran torneo, chicos! <a href=\"https:\/\/t.co\/haGP9QFtIL\">pic.twitter.com\/haGP9QFtIL<\/a><\/p>&mdash; \ud83c\udde6\ud83c\uddf7 Selecci\u00f3n Argentina \u2b50\u2b50\u2b50 (@Argentina) <a href=\"https:\/\/twitter.com\/Argentina\/status\/1673081604208570369?ref_src=twsrc%5Etfw\">June 25, 2023<\/a><\/blockquote><script async src=\"https:\/\/platform.twitter.com\/widgets.js\" charset=\"utf-8\"><\/script>\n<\/div><\/figure>\n","protected":false},"excerpt":{"rendered":"<p>El seleccionado argentino Sub-17 de futsal\u00a0se consagr\u00f3 campe\u00f3n este domingo con el triunfo en la final ante\u00a0Brasil, por 2-1, en<\/p>\n","protected":false},"author":1,"featured_media":4346,"comment_status":"closed","ping_status":"closed","sticky":false,"template":"","format":"standard","meta":{"footnotes":"","jetpack_publicize_message":"","jetpack_publicize_feature_enabled":true,"jetpack_social_post_already_shared":false,"jetpack_social_options":{"image_generator_settings":{"template":"highway","enabled":false},"version":2}},"categories":[9],"tags":[],"class_list":["post-4345","post","type-post","status-publish","format-standard","has-post-thumbnail","hentry","category-deportes"],"jetpack_publicize_connections":[],"_links":{"self":[{"href":"https:\/\/diariorepublica.com.ar\/web\/index.php\/wp-json\/wp\/v2\/posts\/4345"}],"collection":[{"href":"https:\/\/diariorepublica.com.ar\/web\/index.php\/wp-json\/wp\/v2\/posts"}],"about":[{"href":"https:\/\/diariorepublica.com.ar\/web\/index.php\/wp-json\/wp\/v2\/types\/post"}],"author":[{"embeddable":true,"href":"https:\/\/diariorepublica.com.ar\/web\/index.php\/wp-json\/wp\/v2\/users\/1"}],"replies":[{"embeddable":true,"href":"https:\/\/diariorepublica.com.ar\/web\/index.php\/wp-json\/wp\/v2\/comments?post=4345"}],"version-history":[{"count":1,"href":"https:\/\/diariorepublica.com.ar\/web\/index.php\/wp-json\/wp\/v2\/posts\/4345\/revisions"}],"predecessor-version":[{"id":4347,"href":"https:\/\/diariorepublica.com.ar\/web\/index.php\/wp-json\/wp\/v2\/posts\/4345\/revisions\/4347"}],"wp:featuredmedia":[{"embeddable":true,"href":"https:\/\/diariorepublica.com.ar\/web\/index.php\/wp-json\/wp\/v2\/media\/4346"}],"wp:attachment":[{"href":"https:\/\/diariorepublica.com.ar\/web\/index.php\/wp-json\/wp\/v2\/media?parent=4345"}],"wp:term":[{"taxonomy":"category","embeddable":true,"href":"https:\/\/diariorepublica.com.ar\/web\/index.php\/wp-json\/wp\/v2\/categories?post=4345"},{"taxonomy":"post_tag","embeddable":true,"href":"https:\/\/diariorepublica.com.ar\/web\/index.php\/wp-json\/wp\/v2\/tags?post=4345"}],"curies":[{"name":"wp","href":"https:\/\/api.w.org\/{rel}","templated":true}]}}