{"id":4348,"date":"2023-06-26T08:25:33","date_gmt":"2023-06-26T11:25:33","guid":{"rendered":"https:\/\/diariorepublica.com.ar\/web\/?p=4348"},"modified":"2023-06-26T08:25:34","modified_gmt":"2023-06-26T11:25:34","slug":"esta-semana-se-paga-el-medio-aguinaldo-para-la-administracion-publica","status":"publish","type":"post","link":"https:\/\/diariorepublica.com.ar\/web\/index.php\/sociedad\/2023\/06\/26\/esta-semana-se-paga-el-medio-aguinaldo-para-la-administracion-publica\/","title":{"rendered":"Esta semana se paga el medio aguinaldo para la Administraci\u00f3n P\u00fablica"},"content":{"rendered":"<p>El Ministerio de Econom\u00eda inform\u00f3 que la primera cuota del Sueldo Anual Complementario (SAC), correspondiente al mes de junio de 2023, ser\u00e1 acreditada conforme el siguiente cronograma esta semana:<\/p>\n<p><strong>-Mi\u00e9rcoles 28 de junio:\u00a0<\/strong>Trabajadores de todos los organismos de la Administraci\u00f3n P\u00fablica Provincial.<\/p>\n<p><strong>-Jueves 29 de junio:<\/strong>\u00a0Docentes.<\/p>\n","protected":false},"excerpt":{"rendered":"<p>El Ministerio de Econom\u00eda inform\u00f3 que la primera cuota del Sueldo Anual Complementario (SAC), correspondiente al mes de junio de<\/p>\n","protected":false},"author":1,"featured_media":4349,"comment_status":"closed","ping_status":"closed","sticky":false,"template":"","format":"standard","meta":{"footnotes":"","jetpack_publicize_message":"","jetpack_publicize_feature_enabled":true,"jetpack_social_post_already_shared":false,"jetpack_social_options":{"image_generator_settings":{"template":"highway","enabled":false},"version":2}},"categories":[3],"tags":[],"class_list":["post-4348","post","type-post","status-publish","format-standard","has-post-thumbnail","hentry","category-sociedad"],"jetpack_publicize_connections":[],"_links":{"self":[{"href":"https:\/\/diariorepublica.com.ar\/web\/index.php\/wp-json\/wp\/v2\/posts\/4348"}],"collection":[{"href":"https:\/\/diariorepublica.com.ar\/web\/index.php\/wp-json\/wp\/v2\/posts"}],"about":[{"href":"https:\/\/diariorepublica.com.ar\/web\/index.php\/wp-json\/wp\/v2\/types\/post"}],"author":[{"embeddable":true,"href":"https:\/\/diariorepublica.com.ar\/web\/index.php\/wp-json\/wp\/v2\/users\/1"}],"replies":[{"embeddable":true,"href":"https:\/\/diariorepublica.com.ar\/web\/index.php\/wp-json\/wp\/v2\/comments?post=4348"}],"version-history":[{"count":1,"href":"https:\/\/diariorepublica.com.ar\/web\/index.php\/wp-json\/wp\/v2\/posts\/4348\/revisions"}],"predecessor-version":[{"id":4350,"href":"https:\/\/diariorepublica.com.ar\/web\/index.php\/wp-json\/wp\/v2\/posts\/4348\/revisions\/4350"}],"wp:featuredmedia":[{"embeddable":true,"href":"https:\/\/diariorepublica.com.ar\/web\/index.php\/wp-json\/wp\/v2\/media\/4349"}],"wp:attachment":[{"href":"https:\/\/diariorepublica.com.ar\/web\/index.php\/wp-json\/wp\/v2\/media?parent=4348"}],"wp:term":[{"taxonomy":"category","embeddable":true,"href":"https:\/\/diariorepublica.com.ar\/web\/index.php\/wp-json\/wp\/v2\/categories?post=4348"},{"taxonomy":"post_tag","embeddable":true,"href":"https:\/\/diariorepublica.com.ar\/web\/index.php\/wp-json\/wp\/v2\/tags?post=4348"}],"curies":[{"name":"wp","href":"https:\/\/api.w.org\/{rel}","templated":true}]}}