{"id":4352,"date":"2023-06-26T08:31:14","date_gmt":"2023-06-26T11:31:14","guid":{"rendered":"https:\/\/diariorepublica.com.ar\/web\/?p=4352"},"modified":"2023-06-26T08:31:15","modified_gmt":"2023-06-26T11:31:15","slug":"juntos-por-el-cambio-definira-sus-candidatos-mediante-las-paso","status":"publish","type":"post","link":"https:\/\/diariorepublica.com.ar\/web\/index.php\/politica\/2023\/06\/26\/juntos-por-el-cambio-definira-sus-candidatos-mediante-las-paso\/","title":{"rendered":"Juntos por el Cambio definir\u00e1 sus candidatos mediante las PASO"},"content":{"rendered":"<p>En las precandidaturas a gobernador y vice, Flavio Fama junto a Hugo \u00c1vila enfrentar\u00e1n a Rub\u00e9n Manzi y la radical Silvina Acevedo. De esta forma, se asent\u00f3 lo que ya se ven\u00eda mencionando desde Juntos: sin llegar a la unidad, hay PASO para definir a las y los candidatos para las elecciones de octubre.<\/p>\n<p>En el panorama general, est\u00e1 el espacio denominado \u201cGana Catamarca\u201d, con Patricia Bullrich en la cabeza de lista. Van acoplados Fama &#8211; \u00c1vila\u00a0 junto al actual legislador nacional Francisco Monti en la precandidatura a la intendencia capitalina y el edil Fernando Navarro para la senadur\u00eda de la ciudad. Este espacio cerr\u00f3 un acuerdo con una parte de la dirigencia de la l\u00ednea interna radical Celeste, espacio que supo comandar Oscar Castillo. Con este movimiento, sumaron a sus filas al diputado y presidente del bloque radical\u00a0 Luis Lobo Vergara como precandidato a diputado nacional.<\/p>\n<p>Con la denominaci\u00f3n \u201cEl Cambio de Nuestras Vidas\u201d y debajo del paraguas de Horacio Rodr\u00edguez Larreta como precandidato a presidente de la naci\u00f3n est\u00e1 la f\u00f3rmula Manzi &#8211; Acevedo.\u00a0 el lanzado precandidato a gobernador Alfredo Marchioli depuso esa intenci\u00f3n y acord\u00f3 acompa\u00f1ar como postulante a la intendencia capitalina.<\/p>\n<p>Esto a la vez implic\u00f3 otro enroque. Tiago Puente, quien hab\u00eda utilizado las redes lanz\u00e1ndose para conducir el Palacio Municipal de la ciudad tambi\u00e9n depuso de la aspiraci\u00f3n y va como cabeza de lista de precandidatos a diputados provinciales. En tanto, el macrista Enrique Cesarini y uno de los responsables del armado de Rodr\u00edguez Larreta en la provincia, competir\u00e1 por el cargo de diputado nacional. Se debe rescatar que en este armado se acopl\u00f3 el intendente de Andalgal\u00e1, Eduardo C\u00f3rdoba.<\/p>\n","protected":false},"excerpt":{"rendered":"<p>En las precandidaturas a gobernador y vice, Flavio Fama junto a Hugo \u00c1vila enfrentar\u00e1n a Rub\u00e9n Manzi y la radical<\/p>\n","protected":false},"author":2,"featured_media":4353,"comment_status":"closed","ping_status":"closed","sticky":false,"template":"","format":"standard","meta":{"footnotes":"","jetpack_publicize_message":"","jetpack_publicize_feature_enabled":true,"jetpack_social_post_already_shared":false,"jetpack_social_options":{"image_generator_settings":{"template":"highway","enabled":false},"version":2}},"categories":[12],"tags":[],"class_list":["post-4352","post","type-post","status-publish","format-standard","has-post-thumbnail","hentry","category-politica"],"jetpack_publicize_connections":[],"_links":{"self":[{"href":"https:\/\/diariorepublica.com.ar\/web\/index.php\/wp-json\/wp\/v2\/posts\/4352"}],"collection":[{"href":"https:\/\/diariorepublica.com.ar\/web\/index.php\/wp-json\/wp\/v2\/posts"}],"about":[{"href":"https:\/\/diariorepublica.com.ar\/web\/index.php\/wp-json\/wp\/v2\/types\/post"}],"author":[{"embeddable":true,"href":"https:\/\/diariorepublica.com.ar\/web\/index.php\/wp-json\/wp\/v2\/users\/2"}],"replies":[{"embeddable":true,"href":"https:\/\/diariorepublica.com.ar\/web\/index.php\/wp-json\/wp\/v2\/comments?post=4352"}],"version-history":[{"count":1,"href":"https:\/\/diariorepublica.com.ar\/web\/index.php\/wp-json\/wp\/v2\/posts\/4352\/revisions"}],"predecessor-version":[{"id":4354,"href":"https:\/\/diariorepublica.com.ar\/web\/index.php\/wp-json\/wp\/v2\/posts\/4352\/revisions\/4354"}],"wp:featuredmedia":[{"embeddable":true,"href":"https:\/\/diariorepublica.com.ar\/web\/index.php\/wp-json\/wp\/v2\/media\/4353"}],"wp:attachment":[{"href":"https:\/\/diariorepublica.com.ar\/web\/index.php\/wp-json\/wp\/v2\/media?parent=4352"}],"wp:term":[{"taxonomy":"category","embeddable":true,"href":"https:\/\/diariorepublica.com.ar\/web\/index.php\/wp-json\/wp\/v2\/categories?post=4352"},{"taxonomy":"post_tag","embeddable":true,"href":"https:\/\/diariorepublica.com.ar\/web\/index.php\/wp-json\/wp\/v2\/tags?post=4352"}],"curies":[{"name":"wp","href":"https:\/\/api.w.org\/{rel}","templated":true}]}}