{"id":4355,"date":"2023-06-26T08:34:11","date_gmt":"2023-06-26T11:34:11","guid":{"rendered":"https:\/\/diariorepublica.com.ar\/web\/?p=4355"},"modified":"2023-06-26T08:34:12","modified_gmt":"2023-06-26T11:34:12","slug":"el-cierre-de-listas-fue-muy-intenso","status":"publish","type":"post","link":"https:\/\/diariorepublica.com.ar\/web\/index.php\/politica\/2023\/06\/26\/el-cierre-de-listas-fue-muy-intenso\/","title":{"rendered":"\u00abEl cierre de listas fue muy intenso\u00bb"},"content":{"rendered":"<p>El precandidato a Gobernador Flavio Fama reconoci\u00f3 que el cierre de listas fue intenso y rese\u00f1\u00f3 que \u201cdentro de Juntos por el Cambio va a haber m\u00e1s de una propuesta electoral, lo que hace que haya negociaciones intensas hasta \u00faltimo momento\u201d. \u201cNosotros sab\u00edamos que esto iba a ser as\u00ed, a veces hay discusiones, los \u00f3rdenes de la lista, algunos enojos, todas estas cosas pasan siempre que hay cierre, pero no es una cuesti\u00f3n de vida o muerte\u201d, acot\u00f3 el precandidato a gobernador.<\/p>\n<p>Adem\u00e1s, dijo sentirse \u201csatisfecho\u201d de avanzar con su precandidatura a jefe de Estado local y el armado de Gana Catamarca y mencion\u00f3 que la gobernaci\u00f3n de la provincia est\u00e1 en su mente hace dos d\u00e9cadas: \u201cHicimos todo lo posible. Le quiero contar a la gente que hace como 20 a\u00f1os que vengo pensando en esto, tener la posibilidad de llegar y despu\u00e9s la gente dir\u00e1 si uno llega o no\u201d.<\/p>\n","protected":false},"excerpt":{"rendered":"<p>El precandidato a Gobernador Flavio Fama reconoci\u00f3 que el cierre de listas fue intenso y rese\u00f1\u00f3 que \u201cdentro de Juntos<\/p>\n","protected":false},"author":2,"featured_media":4356,"comment_status":"closed","ping_status":"closed","sticky":false,"template":"","format":"standard","meta":{"footnotes":"","jetpack_publicize_message":"","jetpack_publicize_feature_enabled":true,"jetpack_social_post_already_shared":false,"jetpack_social_options":{"image_generator_settings":{"template":"highway","enabled":false},"version":2}},"categories":[12],"tags":[],"class_list":["post-4355","post","type-post","status-publish","format-standard","has-post-thumbnail","hentry","category-politica"],"jetpack_publicize_connections":[],"_links":{"self":[{"href":"https:\/\/diariorepublica.com.ar\/web\/index.php\/wp-json\/wp\/v2\/posts\/4355"}],"collection":[{"href":"https:\/\/diariorepublica.com.ar\/web\/index.php\/wp-json\/wp\/v2\/posts"}],"about":[{"href":"https:\/\/diariorepublica.com.ar\/web\/index.php\/wp-json\/wp\/v2\/types\/post"}],"author":[{"embeddable":true,"href":"https:\/\/diariorepublica.com.ar\/web\/index.php\/wp-json\/wp\/v2\/users\/2"}],"replies":[{"embeddable":true,"href":"https:\/\/diariorepublica.com.ar\/web\/index.php\/wp-json\/wp\/v2\/comments?post=4355"}],"version-history":[{"count":1,"href":"https:\/\/diariorepublica.com.ar\/web\/index.php\/wp-json\/wp\/v2\/posts\/4355\/revisions"}],"predecessor-version":[{"id":4357,"href":"https:\/\/diariorepublica.com.ar\/web\/index.php\/wp-json\/wp\/v2\/posts\/4355\/revisions\/4357"}],"wp:featuredmedia":[{"embeddable":true,"href":"https:\/\/diariorepublica.com.ar\/web\/index.php\/wp-json\/wp\/v2\/media\/4356"}],"wp:attachment":[{"href":"https:\/\/diariorepublica.com.ar\/web\/index.php\/wp-json\/wp\/v2\/media?parent=4355"}],"wp:term":[{"taxonomy":"category","embeddable":true,"href":"https:\/\/diariorepublica.com.ar\/web\/index.php\/wp-json\/wp\/v2\/categories?post=4355"},{"taxonomy":"post_tag","embeddable":true,"href":"https:\/\/diariorepublica.com.ar\/web\/index.php\/wp-json\/wp\/v2\/tags?post=4355"}],"curies":[{"name":"wp","href":"https:\/\/api.w.org\/{rel}","templated":true}]}}