{"id":4358,"date":"2023-06-26T08:35:31","date_gmt":"2023-06-26T11:35:31","guid":{"rendered":"https:\/\/diariorepublica.com.ar\/web\/?p=4358"},"modified":"2023-06-26T08:35:32","modified_gmt":"2023-06-26T11:35:32","slug":"no-valoraron-el-trabajo-que-hicimos","status":"publish","type":"post","link":"https:\/\/diariorepublica.com.ar\/web\/index.php\/politica\/2023\/06\/26\/no-valoraron-el-trabajo-que-hicimos\/","title":{"rendered":"\u00abNo valoraron el trabajo que hicimos\u00bb"},"content":{"rendered":"<p>El referente de la alianza \u201cLa Libertad Avanza\u201d en la provincia, Javier Gal\u00e1n, quien por decisi\u00f3n judicial se llev\u00f3 el nombre de la coalici\u00f3n que encabeza el precandidato a presidente Javier Milei para las PASO 13 de agosto, afirm\u00f3 que la ciudadan\u00eda no ver\u00e1 su nombre en ninguna precandidatura ya que decidi\u00f3 no participar. El empresario tom\u00f3 la determinaci\u00f3n luego de construir una sede libertaria en Catamarca y usar su tiempo para militar y difundir los ideales libertarios para que las autoridades del partido le ofrezcan ir en el tercer esca\u00f1o como precandidato a diputado provincial.<\/p>\n<p>\u201cLamentablemente, el trabajo realizado no fue valorado\u201d, dijo el CEO de Corral\u00f3n San Javier. Gal\u00e1n record\u00f3 que \u201cen el caso de Catamarca, Milei no contaba con una sede, tuve que construirla desde cero, realizamos eventos y proyectamos la imagen de Milei a nivel provincial, invert\u00ed mucho tiempo en difundir las ideas libertarias a trav\u00e9s de los medios de prensa\u201d. Sin embargo, el empe\u00f1o y la tarea no fueron bien retribuidos.<\/p>\n<p>\u201cA pesar de estos esfuerzos, me ofrecieron un tercer lugar en la lista de diputados, y no refleja el trabajo realizado\u201d, dijo Gal\u00e1n.<\/p>\n","protected":false},"excerpt":{"rendered":"<p>El referente de la alianza \u201cLa Libertad Avanza\u201d en la provincia, Javier Gal\u00e1n, quien por decisi\u00f3n judicial se llev\u00f3 el<\/p>\n","protected":false},"author":2,"featured_media":4359,"comment_status":"closed","ping_status":"closed","sticky":false,"template":"","format":"standard","meta":{"footnotes":"","jetpack_publicize_message":"","jetpack_publicize_feature_enabled":true,"jetpack_social_post_already_shared":false,"jetpack_social_options":{"image_generator_settings":{"template":"highway","enabled":false},"version":2}},"categories":[12],"tags":[],"class_list":["post-4358","post","type-post","status-publish","format-standard","has-post-thumbnail","hentry","category-politica"],"jetpack_publicize_connections":[],"_links":{"self":[{"href":"https:\/\/diariorepublica.com.ar\/web\/index.php\/wp-json\/wp\/v2\/posts\/4358"}],"collection":[{"href":"https:\/\/diariorepublica.com.ar\/web\/index.php\/wp-json\/wp\/v2\/posts"}],"about":[{"href":"https:\/\/diariorepublica.com.ar\/web\/index.php\/wp-json\/wp\/v2\/types\/post"}],"author":[{"embeddable":true,"href":"https:\/\/diariorepublica.com.ar\/web\/index.php\/wp-json\/wp\/v2\/users\/2"}],"replies":[{"embeddable":true,"href":"https:\/\/diariorepublica.com.ar\/web\/index.php\/wp-json\/wp\/v2\/comments?post=4358"}],"version-history":[{"count":1,"href":"https:\/\/diariorepublica.com.ar\/web\/index.php\/wp-json\/wp\/v2\/posts\/4358\/revisions"}],"predecessor-version":[{"id":4360,"href":"https:\/\/diariorepublica.com.ar\/web\/index.php\/wp-json\/wp\/v2\/posts\/4358\/revisions\/4360"}],"wp:featuredmedia":[{"embeddable":true,"href":"https:\/\/diariorepublica.com.ar\/web\/index.php\/wp-json\/wp\/v2\/media\/4359"}],"wp:attachment":[{"href":"https:\/\/diariorepublica.com.ar\/web\/index.php\/wp-json\/wp\/v2\/media?parent=4358"}],"wp:term":[{"taxonomy":"category","embeddable":true,"href":"https:\/\/diariorepublica.com.ar\/web\/index.php\/wp-json\/wp\/v2\/categories?post=4358"},{"taxonomy":"post_tag","embeddable":true,"href":"https:\/\/diariorepublica.com.ar\/web\/index.php\/wp-json\/wp\/v2\/tags?post=4358"}],"curies":[{"name":"wp","href":"https:\/\/api.w.org\/{rel}","templated":true}]}}