{"id":4457,"date":"2023-06-28T08:27:59","date_gmt":"2023-06-28T11:27:59","guid":{"rendered":"https:\/\/diariorepublica.com.ar\/web\/?p=4457"},"modified":"2023-06-28T08:28:00","modified_gmt":"2023-06-28T11:28:00","slug":"desde-que-asumimos-la-gestion-se-radicaron-alrededor-de-40-empresas","status":"publish","type":"post","link":"https:\/\/diariorepublica.com.ar\/web\/index.php\/politica\/2023\/06\/28\/desde-que-asumimos-la-gestion-se-radicaron-alrededor-de-40-empresas\/","title":{"rendered":"\u00abDesde que asumimos la gesti\u00f3n, se radicaron alrededor de 40 empresas\u00bb"},"content":{"rendered":"<p>Lisando \u00c1lvarez, Ministro de Industria, Comercio y Empleo de la Provincia de Catamarca, realiz\u00f3 un balance en la gesti\u00f3n econ\u00f3mica y la generaci\u00f3n de trabajo privado.<\/p>\n<p>El Ministro de Industria, Comercio y Empleo de la Provincia de Catamarca, Lisando \u00c1lvarez, manifest\u00f3 \u00abEl sector industrial est\u00e1 en pleno crecimiento, con inversiones de las empresas ya instaladas y nuevas radicaciones de forma permanente. Desde que asumimos la gesti\u00f3n se radicaron alrededor de 40 empresas de este tipo, predominando en el sector de la confecci\u00f3n y el textil. Ahora estamos con un plan de metal que va a radicar a dos empresas muy importantes, tambi\u00e9n trabajando en un plan de industria proveedora del sector minero\u00bb, destac\u00f3 el Ministro, quien tambi\u00e9n se\u00f1al\u00f3 los beneficios que se otorgan desde el gobierno para promover este crecimiento: \u00abA trav\u00e9s de herramientas crediticias, impositivas y laborales le permitimos hacer m\u00e1s simple su radicaci\u00f3n e inversi\u00f3n\u00bb.<\/p>\n","protected":false},"excerpt":{"rendered":"<p>Lisando \u00c1lvarez, Ministro de Industria, Comercio y Empleo de la Provincia de Catamarca, realiz\u00f3 un balance en la gesti\u00f3n econ\u00f3mica<\/p>\n","protected":false},"author":2,"featured_media":4458,"comment_status":"closed","ping_status":"closed","sticky":false,"template":"","format":"standard","meta":{"footnotes":"","jetpack_publicize_message":"","jetpack_publicize_feature_enabled":true,"jetpack_social_post_already_shared":false,"jetpack_social_options":{"image_generator_settings":{"template":"highway","enabled":false},"version":2}},"categories":[12],"tags":[],"class_list":["post-4457","post","type-post","status-publish","format-standard","has-post-thumbnail","hentry","category-politica"],"jetpack_publicize_connections":[],"_links":{"self":[{"href":"https:\/\/diariorepublica.com.ar\/web\/index.php\/wp-json\/wp\/v2\/posts\/4457"}],"collection":[{"href":"https:\/\/diariorepublica.com.ar\/web\/index.php\/wp-json\/wp\/v2\/posts"}],"about":[{"href":"https:\/\/diariorepublica.com.ar\/web\/index.php\/wp-json\/wp\/v2\/types\/post"}],"author":[{"embeddable":true,"href":"https:\/\/diariorepublica.com.ar\/web\/index.php\/wp-json\/wp\/v2\/users\/2"}],"replies":[{"embeddable":true,"href":"https:\/\/diariorepublica.com.ar\/web\/index.php\/wp-json\/wp\/v2\/comments?post=4457"}],"version-history":[{"count":1,"href":"https:\/\/diariorepublica.com.ar\/web\/index.php\/wp-json\/wp\/v2\/posts\/4457\/revisions"}],"predecessor-version":[{"id":4459,"href":"https:\/\/diariorepublica.com.ar\/web\/index.php\/wp-json\/wp\/v2\/posts\/4457\/revisions\/4459"}],"wp:featuredmedia":[{"embeddable":true,"href":"https:\/\/diariorepublica.com.ar\/web\/index.php\/wp-json\/wp\/v2\/media\/4458"}],"wp:attachment":[{"href":"https:\/\/diariorepublica.com.ar\/web\/index.php\/wp-json\/wp\/v2\/media?parent=4457"}],"wp:term":[{"taxonomy":"category","embeddable":true,"href":"https:\/\/diariorepublica.com.ar\/web\/index.php\/wp-json\/wp\/v2\/categories?post=4457"},{"taxonomy":"post_tag","embeddable":true,"href":"https:\/\/diariorepublica.com.ar\/web\/index.php\/wp-json\/wp\/v2\/tags?post=4457"}],"curies":[{"name":"wp","href":"https:\/\/api.w.org\/{rel}","templated":true}]}}