{"id":4460,"date":"2023-06-28T08:34:37","date_gmt":"2023-06-28T11:34:37","guid":{"rendered":"https:\/\/diariorepublica.com.ar\/web\/?p=4460"},"modified":"2023-06-28T08:34:38","modified_gmt":"2023-06-28T11:34:38","slug":"el-centro-de-emision-de-licencias-recorre-diversas-zonas-de-la-capital","status":"publish","type":"post","link":"https:\/\/diariorepublica.com.ar\/web\/index.php\/sociedad\/2023\/06\/28\/el-centro-de-emision-de-licencias-recorre-diversas-zonas-de-la-capital\/","title":{"rendered":"El Centro de Emisi\u00f3n de Licencias recorre diversas zonas de la Capital"},"content":{"rendered":"<p>El Centro de Emisi\u00f3n de Licencia M\u00f3vil sigue recorriendo diversos lugares de nuestra capital para que la gente pueda acceder de manera m\u00e1s pr\u00e1ctica a realizar sus tr\u00e1mites. Los turnos son otorgados por orden de llegada.<\/p>\n<p>Paola \u00c1vila, integrante del Centro, explic\u00f3 que en el lugar estar\u00e1n realizando renovaciones y duplicados de todas las licencias hasta 65 a\u00f1os, que no tengan un vencimiento superior a los 90 d\u00edas.<\/p>\n<p>Hoy se trasladar\u00e1n a la plaza de las Mil Viviendas, de 14 a 18. El jueves 29 y viernes 30 estar\u00e1n en plaza La Alameda de 8 a 13 horas.<\/p>\n","protected":false},"excerpt":{"rendered":"<p>El Centro de Emisi\u00f3n de Licencia M\u00f3vil sigue recorriendo diversos lugares de nuestra capital para que la gente pueda acceder<\/p>\n","protected":false},"author":2,"featured_media":4461,"comment_status":"closed","ping_status":"closed","sticky":false,"template":"","format":"standard","meta":{"footnotes":"","jetpack_publicize_message":"","jetpack_publicize_feature_enabled":true,"jetpack_social_post_already_shared":false,"jetpack_social_options":{"image_generator_settings":{"template":"highway","enabled":false},"version":2}},"categories":[3],"tags":[],"class_list":["post-4460","post","type-post","status-publish","format-standard","has-post-thumbnail","hentry","category-sociedad"],"jetpack_publicize_connections":[],"_links":{"self":[{"href":"https:\/\/diariorepublica.com.ar\/web\/index.php\/wp-json\/wp\/v2\/posts\/4460"}],"collection":[{"href":"https:\/\/diariorepublica.com.ar\/web\/index.php\/wp-json\/wp\/v2\/posts"}],"about":[{"href":"https:\/\/diariorepublica.com.ar\/web\/index.php\/wp-json\/wp\/v2\/types\/post"}],"author":[{"embeddable":true,"href":"https:\/\/diariorepublica.com.ar\/web\/index.php\/wp-json\/wp\/v2\/users\/2"}],"replies":[{"embeddable":true,"href":"https:\/\/diariorepublica.com.ar\/web\/index.php\/wp-json\/wp\/v2\/comments?post=4460"}],"version-history":[{"count":1,"href":"https:\/\/diariorepublica.com.ar\/web\/index.php\/wp-json\/wp\/v2\/posts\/4460\/revisions"}],"predecessor-version":[{"id":4462,"href":"https:\/\/diariorepublica.com.ar\/web\/index.php\/wp-json\/wp\/v2\/posts\/4460\/revisions\/4462"}],"wp:featuredmedia":[{"embeddable":true,"href":"https:\/\/diariorepublica.com.ar\/web\/index.php\/wp-json\/wp\/v2\/media\/4461"}],"wp:attachment":[{"href":"https:\/\/diariorepublica.com.ar\/web\/index.php\/wp-json\/wp\/v2\/media?parent=4460"}],"wp:term":[{"taxonomy":"category","embeddable":true,"href":"https:\/\/diariorepublica.com.ar\/web\/index.php\/wp-json\/wp\/v2\/categories?post=4460"},{"taxonomy":"post_tag","embeddable":true,"href":"https:\/\/diariorepublica.com.ar\/web\/index.php\/wp-json\/wp\/v2\/tags?post=4460"}],"curies":[{"name":"wp","href":"https:\/\/api.w.org\/{rel}","templated":true}]}}