{"id":4463,"date":"2023-06-28T08:36:57","date_gmt":"2023-06-28T11:36:57","guid":{"rendered":"https:\/\/diariorepublica.com.ar\/web\/?p=4463"},"modified":"2023-06-28T08:36:59","modified_gmt":"2023-06-28T11:36:59","slug":"familias-del-norte-de-belen-recibieron-sus-viviendas","status":"publish","type":"post","link":"https:\/\/diariorepublica.com.ar\/web\/index.php\/politica\/2023\/06\/28\/familias-del-norte-de-belen-recibieron-sus-viviendas\/","title":{"rendered":"Familias del norte de Bel\u00e9n recibieron sus viviendas"},"content":{"rendered":"<p>En el marco de una nueva agenda de trabajo por el Oeste catamarque\u00f1o, el gobernador Ra\u00fal Jalil recorri\u00f3 distintas localidades del norte de Bel\u00e9n donde particip\u00f3 de diferentes actividades.<\/p>\n<p>En la ocasi\u00f3n, 10 familias y madres solteras de las localidades de Corral Quemado y Puerta de Corral Quemado recibieron las llaves de sus nuevos hogares.<\/p>\n<p>Ante los presentes, el gobernador Ra\u00fal Jalil expres\u00f3 que \u201ces la segunda visita en casi un mes, y siempre nos alegra venir con buenas noticias. Hoy les estamos entregando sus viviendas, las cuales reciben sin ning\u00fan costo, para que vivan en sus pueblos y tengan una mejor vida\u201d.<\/p>\n<p>En Bel\u00e9n, la Provincia viene ejecutando una importante cantidad de obras y en materia de caminos el mandatario se\u00f1al\u00f3 que le interesar\u00eda desarrollar un proyecto para potenciar el desarrollo tur\u00edstico del norte belicho. \u201cLes comentaba a los intendentes y al senador Sol\u00e1 Jais que ser\u00eda bueno empezar un estudio de factibilidad en la zona para ver si podemos conectar el camino a El Tolar con El Durazno y crear un circuito tur\u00edstico\u201d, sostuvo Ra\u00fal.<\/p>\n<p>Por \u00faltimo, remarc\u00f3: \u201cel Oeste catamarque\u00f1o tiene mucho futuro. Muchos vecinos y vecinas est\u00e1n teniendo posibilidades de trabajo gracias a la miner\u00eda, nosotros construimos obras importantes en el Oeste gracias a la miner\u00eda, y creemos que es el camino que debemos continuar\u201d.<\/p>\n<p>Por otra parte, el primer mandatario provincial particip\u00f3 de la inauguraci\u00f3n de la primera etapa de obra en la cafeter\u00eda municipal en San Fernando. El lugar, ubicado en la Plaza San Fernando Sur, permitir\u00e1 brindar un servicio gastron\u00f3mico a la comunidad y turistas que llegan a la localidad belicha.<\/p>\n<p>El Gobernador estuvo acompa\u00f1ado durante las actividades por los ministros de Vivienda y Urbanizaci\u00f3n, Fidel Saenz; de Agua, Energ\u00eda y Medio Ambiente, Lucas Zampieri; de Trabajo, Planificaci\u00f3n y Recursos Humanos, Ver\u00f3nica Soria; de Infraestructura y Obras Civiles, Eduardo Niederle; los intendentes de Puerta de Corral Quemado, Carlos Casimiro; de Corral Quemado, Isidro G\u00f3mez; de San Fernando, Jos\u00e9 Figueroa; de Tinogasta, Sebasti\u00e1n N\u00f3blega; el senador por Bel\u00e9n, Jorge Sol\u00e1 Jais, entre otras autoridades.<\/p>\n","protected":false},"excerpt":{"rendered":"<p>En el marco de una nueva agenda de trabajo por el Oeste catamarque\u00f1o, el gobernador Ra\u00fal Jalil recorri\u00f3 distintas localidades<\/p>\n","protected":false},"author":2,"featured_media":4464,"comment_status":"closed","ping_status":"closed","sticky":false,"template":"","format":"standard","meta":{"footnotes":"","jetpack_publicize_message":"","jetpack_publicize_feature_enabled":true,"jetpack_social_post_already_shared":false,"jetpack_social_options":{"image_generator_settings":{"template":"highway","enabled":false},"version":2}},"categories":[12],"tags":[],"class_list":["post-4463","post","type-post","status-publish","format-standard","has-post-thumbnail","hentry","category-politica"],"jetpack_publicize_connections":[],"_links":{"self":[{"href":"https:\/\/diariorepublica.com.ar\/web\/index.php\/wp-json\/wp\/v2\/posts\/4463"}],"collection":[{"href":"https:\/\/diariorepublica.com.ar\/web\/index.php\/wp-json\/wp\/v2\/posts"}],"about":[{"href":"https:\/\/diariorepublica.com.ar\/web\/index.php\/wp-json\/wp\/v2\/types\/post"}],"author":[{"embeddable":true,"href":"https:\/\/diariorepublica.com.ar\/web\/index.php\/wp-json\/wp\/v2\/users\/2"}],"replies":[{"embeddable":true,"href":"https:\/\/diariorepublica.com.ar\/web\/index.php\/wp-json\/wp\/v2\/comments?post=4463"}],"version-history":[{"count":1,"href":"https:\/\/diariorepublica.com.ar\/web\/index.php\/wp-json\/wp\/v2\/posts\/4463\/revisions"}],"predecessor-version":[{"id":4465,"href":"https:\/\/diariorepublica.com.ar\/web\/index.php\/wp-json\/wp\/v2\/posts\/4463\/revisions\/4465"}],"wp:featuredmedia":[{"embeddable":true,"href":"https:\/\/diariorepublica.com.ar\/web\/index.php\/wp-json\/wp\/v2\/media\/4464"}],"wp:attachment":[{"href":"https:\/\/diariorepublica.com.ar\/web\/index.php\/wp-json\/wp\/v2\/media?parent=4463"}],"wp:term":[{"taxonomy":"category","embeddable":true,"href":"https:\/\/diariorepublica.com.ar\/web\/index.php\/wp-json\/wp\/v2\/categories?post=4463"},{"taxonomy":"post_tag","embeddable":true,"href":"https:\/\/diariorepublica.com.ar\/web\/index.php\/wp-json\/wp\/v2\/tags?post=4463"}],"curies":[{"name":"wp","href":"https:\/\/api.w.org\/{rel}","templated":true}]}}