{"id":4466,"date":"2023-06-28T09:41:38","date_gmt":"2023-06-28T12:41:38","guid":{"rendered":"https:\/\/diariorepublica.com.ar\/web\/?p=4466"},"modified":"2023-06-28T09:41:39","modified_gmt":"2023-06-28T12:41:39","slug":"quiero-liderar-el-cambio-que-transforme-a-poman","status":"publish","type":"post","link":"https:\/\/diariorepublica.com.ar\/web\/index.php\/politica\/2023\/06\/28\/quiero-liderar-el-cambio-que-transforme-a-poman\/","title":{"rendered":"\u00abQuiero liderar el cambio que transforme a Pom\u00e1n\u00bb"},"content":{"rendered":"<p>Hoy habl\u00f3 con FM REPUBLICA 103.1, el precandidato a intendente de Juntos por el Cambio por la alianza \u00abEl Cambio de Nuestras Vidas\u00bb, Facundo Miranda, el cual se refiri\u00f3 a la precandidatura mediante la cual intenta culminar con 24 a\u00f1os al frente de la intendencia de Pom\u00e1n de Francisco Gordillo<\/p>\n<p>Miranda dijo acepte nuevamente el desaf\u00edo de ser precandidato a Intendente de nuestro municipio, que es un pilar fundamental en nuestra comunidad para lograr el desarrollo de cada ciudadano; valoro y reconozco el trabajo realizado hasta este momento pero estoy convencido que necesitamos de nuevas pol\u00edticas y l\u00edderes dispuestos a afrontar los desaf\u00edos actuales y futuros.<br \/>\nEn este camino no estoy solo sino respaldado por un equipo s\u00f3lido y comprometido por el bienestar de nuestra comunidad, dispuestos a afrontar los desaf\u00edos cr\u00edticos en \u00e1reas como la educaci\u00f3n, la generaci\u00f3n de empleo y oportunidades a trav\u00e9s de un gobierno transparente, accesible y responsable d\u00f3nde cada voz sea escuchada.<br \/>\nCon el principal objetivo de que cada uno de ustedes se sienta representado y tenga la oportunidad de prosperar<\/p>\n<div class=\"x11i5rnm xat24cr x1mh8g0r x1vvkbs xtlvy1s x126k92a\"><\/div>\n<div class=\"x11i5rnm xat24cr x1mh8g0r x1vvkbs xtlvy1s x126k92a\">\n<div dir=\"auto\"><\/div>\n<\/div>\n","protected":false},"excerpt":{"rendered":"<p>Hoy habl\u00f3 con FM REPUBLICA 103.1, el precandidato a intendente de Juntos por el Cambio por la alianza \u00abEl Cambio<\/p>\n","protected":false},"author":2,"featured_media":4467,"comment_status":"closed","ping_status":"closed","sticky":false,"template":"","format":"standard","meta":{"footnotes":"","jetpack_publicize_message":"","jetpack_publicize_feature_enabled":true,"jetpack_social_post_already_shared":false,"jetpack_social_options":{"image_generator_settings":{"template":"highway","enabled":false},"version":2}},"categories":[12],"tags":[],"class_list":["post-4466","post","type-post","status-publish","format-standard","has-post-thumbnail","hentry","category-politica"],"jetpack_publicize_connections":[],"_links":{"self":[{"href":"https:\/\/diariorepublica.com.ar\/web\/index.php\/wp-json\/wp\/v2\/posts\/4466"}],"collection":[{"href":"https:\/\/diariorepublica.com.ar\/web\/index.php\/wp-json\/wp\/v2\/posts"}],"about":[{"href":"https:\/\/diariorepublica.com.ar\/web\/index.php\/wp-json\/wp\/v2\/types\/post"}],"author":[{"embeddable":true,"href":"https:\/\/diariorepublica.com.ar\/web\/index.php\/wp-json\/wp\/v2\/users\/2"}],"replies":[{"embeddable":true,"href":"https:\/\/diariorepublica.com.ar\/web\/index.php\/wp-json\/wp\/v2\/comments?post=4466"}],"version-history":[{"count":1,"href":"https:\/\/diariorepublica.com.ar\/web\/index.php\/wp-json\/wp\/v2\/posts\/4466\/revisions"}],"predecessor-version":[{"id":4468,"href":"https:\/\/diariorepublica.com.ar\/web\/index.php\/wp-json\/wp\/v2\/posts\/4466\/revisions\/4468"}],"wp:featuredmedia":[{"embeddable":true,"href":"https:\/\/diariorepublica.com.ar\/web\/index.php\/wp-json\/wp\/v2\/media\/4467"}],"wp:attachment":[{"href":"https:\/\/diariorepublica.com.ar\/web\/index.php\/wp-json\/wp\/v2\/media?parent=4466"}],"wp:term":[{"taxonomy":"category","embeddable":true,"href":"https:\/\/diariorepublica.com.ar\/web\/index.php\/wp-json\/wp\/v2\/categories?post=4466"},{"taxonomy":"post_tag","embeddable":true,"href":"https:\/\/diariorepublica.com.ar\/web\/index.php\/wp-json\/wp\/v2\/tags?post=4466"}],"curies":[{"name":"wp","href":"https:\/\/api.w.org\/{rel}","templated":true}]}}