{"id":4475,"date":"2023-06-28T17:57:47","date_gmt":"2023-06-28T20:57:47","guid":{"rendered":"https:\/\/diariorepublica.com.ar\/web\/?p=4475"},"modified":"2023-06-28T17:57:48","modified_gmt":"2023-06-28T20:57:48","slug":"gerardo-martino-fue-presentado-como-nuevo-entrenador-del-inter-miami","status":"publish","type":"post","link":"https:\/\/diariorepublica.com.ar\/web\/index.php\/deportes\/2023\/06\/28\/gerardo-martino-fue-presentado-como-nuevo-entrenador-del-inter-miami\/","title":{"rendered":"Gerardo Martino fue presentado como nuevo entrenador del Inter Miami"},"content":{"rendered":"<p>Este mi\u00e9rcoles,\u00a0<b>el Inter Miami oficializ\u00f3 a\u00a0<\/b><b>Gerardo Martino<\/b><b>\u00a0como su nuevo entrenador<\/b>. Ser\u00e1 la segunda experiencia del Tata en la MLS tras su paso por el Atlanta United. Adem\u00e1s, se cruzar\u00e1 nuevamente con\u00a0<b>Lionel Messi,<\/b>\u00a0a quien ya dirigi\u00f3 en el Barcelona y la Selecci\u00f3n argentina.<\/p>\n<p class=\"paragraph\">El anuncio se hizo oficial a trav\u00e9s de la cuenta de Twitter con un claro mensaje: \u201cBienvenido, Tata. El Club ha nombrado a Gerardo Martino como director t\u00e9cnico. El Club ha nombrado a Gerardo Martino como director t\u00e9cnico. El t\u00e9cnico ganador de la MLS Cup y del premio al Entrenador del A\u00f1o de la MLS, con experiencia con las selecciones de Argentina y M\u00e9xico, FC Barcelona y m\u00e1s, se une al Club mientras se encuentra a la espera de su documentaci\u00f3n laboral\u201d.<\/p>\n<p class=\"paragraph\">Al mismo tiempo, resaltaron todos los t\u00edtulos de su carrera en una infograf\u00eda y se mostraron muy contentos de tenerlo entre sus filas. El ex-Newell\u2019s no la tendr\u00e1 nada f\u00e1cil, pero parece ser uno de los nombres indicados para poder revertir el flojo presente del equipo.<\/p>\n<p class=\"paragraph\">Tambi\u00e9n hubo un comunicado oficial donde Jorge Mas, uno de los propietarios de la franquicia de Florida, dio sus sensaciones. \u201cEstamos muy contentos de poder darle la bienvenida a Tata a Inter Miami. Sentimos que es un t\u00e9cnico que est\u00e1 a la altura de las aspiraciones del club y somos optimistas sobre lo que podemos lograr juntos\u201d. Y agreg\u00f3: \u201cTata ha dirigido en el m\u00e1s alto nivel y creemos que esa experiencia ser\u00e1 de gran beneficio para nosotros conforme competimos por ganar t\u00edtulos\u201d.<\/p>\n","protected":false},"excerpt":{"rendered":"<p>Este mi\u00e9rcoles,\u00a0el Inter Miami oficializ\u00f3 a\u00a0Gerardo Martino\u00a0como su nuevo entrenador. Ser\u00e1 la segunda experiencia del Tata en la MLS tras<\/p>\n","protected":false},"author":1,"featured_media":4476,"comment_status":"closed","ping_status":"closed","sticky":false,"template":"","format":"standard","meta":{"footnotes":"","jetpack_publicize_message":"","jetpack_publicize_feature_enabled":true,"jetpack_social_post_already_shared":false,"jetpack_social_options":{"image_generator_settings":{"template":"highway","enabled":false},"version":2}},"categories":[9],"tags":[],"class_list":["post-4475","post","type-post","status-publish","format-standard","has-post-thumbnail","hentry","category-deportes"],"jetpack_publicize_connections":[],"_links":{"self":[{"href":"https:\/\/diariorepublica.com.ar\/web\/index.php\/wp-json\/wp\/v2\/posts\/4475"}],"collection":[{"href":"https:\/\/diariorepublica.com.ar\/web\/index.php\/wp-json\/wp\/v2\/posts"}],"about":[{"href":"https:\/\/diariorepublica.com.ar\/web\/index.php\/wp-json\/wp\/v2\/types\/post"}],"author":[{"embeddable":true,"href":"https:\/\/diariorepublica.com.ar\/web\/index.php\/wp-json\/wp\/v2\/users\/1"}],"replies":[{"embeddable":true,"href":"https:\/\/diariorepublica.com.ar\/web\/index.php\/wp-json\/wp\/v2\/comments?post=4475"}],"version-history":[{"count":1,"href":"https:\/\/diariorepublica.com.ar\/web\/index.php\/wp-json\/wp\/v2\/posts\/4475\/revisions"}],"predecessor-version":[{"id":4477,"href":"https:\/\/diariorepublica.com.ar\/web\/index.php\/wp-json\/wp\/v2\/posts\/4475\/revisions\/4477"}],"wp:featuredmedia":[{"embeddable":true,"href":"https:\/\/diariorepublica.com.ar\/web\/index.php\/wp-json\/wp\/v2\/media\/4476"}],"wp:attachment":[{"href":"https:\/\/diariorepublica.com.ar\/web\/index.php\/wp-json\/wp\/v2\/media?parent=4475"}],"wp:term":[{"taxonomy":"category","embeddable":true,"href":"https:\/\/diariorepublica.com.ar\/web\/index.php\/wp-json\/wp\/v2\/categories?post=4475"},{"taxonomy":"post_tag","embeddable":true,"href":"https:\/\/diariorepublica.com.ar\/web\/index.php\/wp-json\/wp\/v2\/tags?post=4475"}],"curies":[{"name":"wp","href":"https:\/\/api.w.org\/{rel}","templated":true}]}}