{"id":4478,"date":"2023-06-28T14:58:00","date_gmt":"2023-06-28T17:58:00","guid":{"rendered":"https:\/\/diariorepublica.com.ar\/web\/?p=4478"},"modified":"2023-06-28T17:59:16","modified_gmt":"2023-06-28T20:59:16","slug":"silvina-luna-en-terapia-intensiva-famosos-iniciaron-una-cadena-de-oracion","status":"publish","type":"post","link":"https:\/\/diariorepublica.com.ar\/web\/index.php\/espectaculos\/2023\/06\/28\/silvina-luna-en-terapia-intensiva-famosos-iniciaron-una-cadena-de-oracion\/","title":{"rendered":"Silvina Luna en terapia intensiva: famosos iniciaron una cadena de oraci\u00f3n"},"content":{"rendered":"<p>Silvina Luna est\u00e1 internada en terapia intensiva en el Hospital Italiano. Se encuentra sedada y con respirador, acompa\u00f1ada por su hermano, pero con los buenos deseos de muchos famosos que est\u00e1n pidiendo por ella y que comenzaron una cadena de oraci\u00f3n para que pueda salir r\u00e1pidamente de esta situaci\u00f3n.<\/p>\n<p>Entre los famosos que enviaron su mensaje de apoyo se encuentran: Paula Chaves, Luciana Salazar, Marcela Tinayre, Julieta Ortega, Anam\u00e1 Ferreira, Jos\u00e9 Mar\u00eda Muscari, Estefi Berardi y Gladys Florimonte, entre otros.<\/p>\n<p>Marcela Tinayre utiliz\u00f3 su espacio en Pol\u00e9mica en el Bar para enviar un mensaje esperanzador: \u201cVa a salir porque es una luchadora joven y est\u00e1 con mucha gente que la quiere\u201d.<\/p>\n<p>Luciana Salazar dijo que se puso muy mal con la noticia: \u201cMe pone demasiado triste lo de Silvina. Habl\u00e9 hace muy poquito con ella y estaba tan ilusionada. Recemos por ella para que pueda salir adelante como se lo merece\u201d.<\/p>\n<p>Mientras que Julieta Ortega se expres\u00f3 con un mensaje similar: \u201cMe pone muy triste lo de Silvina Luna. Buena mina que no merec\u00eda estar pasando por todo esto. Ojal\u00e1 se recupere pronto\u201d.<\/p>\n<p>\u201cPensemos cosas lindas de ella para que pueda salir adelante. Cadena de oraci\u00f3n, buenas energ\u00edas, lo que sea, pensala sana y fuerte\u201d, pidi\u00f3 Paula Chaves, mientras que Jos\u00e9 Mar\u00eda Muscari escribi\u00f3: \u201cToda la fuerza para vos, amiga. Sos buena mina y pura luz. Pronto todo ser\u00e1 un mal recuerdo. La vibra buena llega. Decretada la mejora y la sanaci\u00f3n. Love, love, love\u201d.<\/p>\n<p>\u201cVamos, Silvi querida. Vos podes\u201d, le dedic\u00f3 Gladys Florimonte, al tiempo que Miriam Lanzoni le escribi\u00f3 \u201cMoon, desde ac\u00e1 estamos todos haciendo cadena de oraci\u00f3n por vos. Te amamos fuerte. Vos ponete bien que te esperamos para mimarte fuerte\u201d.<\/p>\n<p>\u201cHoy hagamos una cadena de energ\u00eda positiva para ella. Oremos para que mejore y salga bien de esta crisis que est\u00e1 crisis que est\u00e1 pasando. Dios la bendiga\u201d, poste\u00f3 Anam\u00e1 Ferreira, al tiempo que Estefi Berardi pidi\u00f3: \u201cCadena de oraci\u00f3n para Silvina Luna que est\u00e1 en terapia intensiva con respirador\u201d.<\/p>\n<p>Silvina Luna se someti\u00f3 a una cirug\u00eda est\u00e9tica en 2011 con el cirujano An\u00edbal Lotocki. El m\u00e9dico le habr\u00eda colocado metacrilato, una sustancia prohibida y muy peligrosa para la salud. Desde ese entonces, la actriz arrastra problemas de salud que se fueron complicando con el correr de los a\u00f1os hasta llegar a una insuficiencia renal cr\u00f3nica por la cual tiene que someterse a di\u00e1lisis 3 veces por semana, durante 4 horas cada d\u00eda. La actriz espera por un trasplante de ri\u00f1\u00f3n, pero antes debe combatir una bacteria que le habr\u00eda provocado una infecci\u00f3n.<\/p>\n<p>An\u00edbal Lotocki fue condenado por mala praxis pero todav\u00eda est\u00e1 habilitado para ejercer como m\u00e9dico porque la condena no se encuentra firme. La condena es de 4 a\u00f1os de prisi\u00f3n con cumplimiento efectivo y 5 a\u00f1os de inhabilitaci\u00f3n. Adem\u00e1s, a principios de junio fue procesado por la muerte de un empresario.<\/p>\n","protected":false},"excerpt":{"rendered":"<p>Silvina Luna est\u00e1 internada en terapia intensiva en el Hospital Italiano. Se encuentra sedada y con respirador, acompa\u00f1ada por su<\/p>\n","protected":false},"author":1,"featured_media":4479,"comment_status":"closed","ping_status":"closed","sticky":false,"template":"","format":"standard","meta":{"footnotes":"","jetpack_publicize_message":"","jetpack_publicize_feature_enabled":true,"jetpack_social_post_already_shared":false,"jetpack_social_options":{"image_generator_settings":{"template":"highway","enabled":false},"version":2}},"categories":[7],"tags":[],"class_list":["post-4478","post","type-post","status-publish","format-standard","has-post-thumbnail","hentry","category-espectaculos"],"jetpack_publicize_connections":[],"_links":{"self":[{"href":"https:\/\/diariorepublica.com.ar\/web\/index.php\/wp-json\/wp\/v2\/posts\/4478"}],"collection":[{"href":"https:\/\/diariorepublica.com.ar\/web\/index.php\/wp-json\/wp\/v2\/posts"}],"about":[{"href":"https:\/\/diariorepublica.com.ar\/web\/index.php\/wp-json\/wp\/v2\/types\/post"}],"author":[{"embeddable":true,"href":"https:\/\/diariorepublica.com.ar\/web\/index.php\/wp-json\/wp\/v2\/users\/1"}],"replies":[{"embeddable":true,"href":"https:\/\/diariorepublica.com.ar\/web\/index.php\/wp-json\/wp\/v2\/comments?post=4478"}],"version-history":[{"count":1,"href":"https:\/\/diariorepublica.com.ar\/web\/index.php\/wp-json\/wp\/v2\/posts\/4478\/revisions"}],"predecessor-version":[{"id":4480,"href":"https:\/\/diariorepublica.com.ar\/web\/index.php\/wp-json\/wp\/v2\/posts\/4478\/revisions\/4480"}],"wp:featuredmedia":[{"embeddable":true,"href":"https:\/\/diariorepublica.com.ar\/web\/index.php\/wp-json\/wp\/v2\/media\/4479"}],"wp:attachment":[{"href":"https:\/\/diariorepublica.com.ar\/web\/index.php\/wp-json\/wp\/v2\/media?parent=4478"}],"wp:term":[{"taxonomy":"category","embeddable":true,"href":"https:\/\/diariorepublica.com.ar\/web\/index.php\/wp-json\/wp\/v2\/categories?post=4478"},{"taxonomy":"post_tag","embeddable":true,"href":"https:\/\/diariorepublica.com.ar\/web\/index.php\/wp-json\/wp\/v2\/tags?post=4478"}],"curies":[{"name":"wp","href":"https:\/\/api.w.org\/{rel}","templated":true}]}}