{"id":4481,"date":"2023-06-28T13:30:00","date_gmt":"2023-06-28T16:30:00","guid":{"rendered":"https:\/\/diariorepublica.com.ar\/web\/?p=4481"},"modified":"2023-06-28T18:00:09","modified_gmt":"2023-06-28T21:00:09","slug":"el-gobierno-analiza-un-alivio-en-el-pago-de-impuesto-a-las-ganancias","status":"publish","type":"post","link":"https:\/\/diariorepublica.com.ar\/web\/index.php\/economia\/2023\/06\/28\/el-gobierno-analiza-un-alivio-en-el-pago-de-impuesto-a-las-ganancias\/","title":{"rendered":"El Gobierno analiza un \u00abalivio\u00bb en el pago de impuesto a las Ganancias"},"content":{"rendered":"<p>El ministro de Econom\u00eda y precandidato presidencial de Uni\u00f3n por la Patria (UxP), Sergio Massa, inform\u00f3 hoy en la reuni\u00f3n de gabinete que \u00abestudia un alivio en el pago de impuesto a las Ganancias para los trabajadores\u00bb.<\/p>\n<p>\u00abLo est\u00e1n viendo los t\u00e9cnicos junto con la AFIP y ser\u00e1 informado pr\u00f3ximamente\u00bb, indic\u00f3 el jefe de Gabinete y precandidato a vicepresidente, Agust\u00edn Rossi, en una rueda de prensa que ofreci\u00f3 al t\u00e9rmino de la reuni\u00f3n de gabinete, que encabez\u00f3 esta ma\u00f1ana en la Casa Rosada el presidente Alberto Fern\u00e1ndez.<\/p>\n<p>Por otra parte, Rossi cont\u00f3 que en\u00a0ese encuentro\u00a0\u00abEscuchamos un informe muy detallado por parte del ministro de Econom\u00eda sobre las negociaciones con el FMI e inform\u00f3 que el Banco Mundial aprob\u00f3 un cr\u00e9dito de 900 millones de d\u00f3lares que van a ser enviados pr\u00f3ximamente a la Argentina\u00bb.<\/p>\n<p>Adem\u00e1s, en tono de campa\u00f1a el jefe de Gabinete aprovech\u00f3 para cuestionar a la oposici\u00f3n y\u00a0dijo que \u00ablos argentinos siguen esperando una autocr\u00edtica de los cuatro a\u00f1os de gobierno de Mauricio Macri\u00bb.<\/p>\n<p>\u00abQu\u00e9 expliquen por qu\u00e9 gobernaron tan mal. \u00bfQui\u00e9n se hace cargo de los cuatro a\u00f1os de Macri: Horacio Rodr\u00edguez Larreta o Patricia Bullrich?\u00bb, se pregunt\u00f3 Rossi\u00a0 sobre los dos precandidatos presidenciales de Juntos por el Cambio.<\/p>\n<p>\u00abDevolvieron un pa\u00eds con endeudamiento y recesi\u00f3n, sin guerra sin pandemia y sin sequ\u00eda\u00bb, remarc\u00f3.<\/p>\n","protected":false},"excerpt":{"rendered":"<p>El ministro de Econom\u00eda y precandidato presidencial de Uni\u00f3n por la Patria (UxP), Sergio Massa, inform\u00f3 hoy en la reuni\u00f3n<\/p>\n","protected":false},"author":1,"featured_media":4482,"comment_status":"closed","ping_status":"closed","sticky":false,"template":"","format":"standard","meta":{"footnotes":"","jetpack_publicize_message":"","jetpack_publicize_feature_enabled":true,"jetpack_social_post_already_shared":false,"jetpack_social_options":{"image_generator_settings":{"template":"highway","enabled":false},"version":2}},"categories":[5],"tags":[],"class_list":["post-4481","post","type-post","status-publish","format-standard","has-post-thumbnail","hentry","category-economia"],"jetpack_publicize_connections":[],"_links":{"self":[{"href":"https:\/\/diariorepublica.com.ar\/web\/index.php\/wp-json\/wp\/v2\/posts\/4481"}],"collection":[{"href":"https:\/\/diariorepublica.com.ar\/web\/index.php\/wp-json\/wp\/v2\/posts"}],"about":[{"href":"https:\/\/diariorepublica.com.ar\/web\/index.php\/wp-json\/wp\/v2\/types\/post"}],"author":[{"embeddable":true,"href":"https:\/\/diariorepublica.com.ar\/web\/index.php\/wp-json\/wp\/v2\/users\/1"}],"replies":[{"embeddable":true,"href":"https:\/\/diariorepublica.com.ar\/web\/index.php\/wp-json\/wp\/v2\/comments?post=4481"}],"version-history":[{"count":1,"href":"https:\/\/diariorepublica.com.ar\/web\/index.php\/wp-json\/wp\/v2\/posts\/4481\/revisions"}],"predecessor-version":[{"id":4483,"href":"https:\/\/diariorepublica.com.ar\/web\/index.php\/wp-json\/wp\/v2\/posts\/4481\/revisions\/4483"}],"wp:featuredmedia":[{"embeddable":true,"href":"https:\/\/diariorepublica.com.ar\/web\/index.php\/wp-json\/wp\/v2\/media\/4482"}],"wp:attachment":[{"href":"https:\/\/diariorepublica.com.ar\/web\/index.php\/wp-json\/wp\/v2\/media?parent=4481"}],"wp:term":[{"taxonomy":"category","embeddable":true,"href":"https:\/\/diariorepublica.com.ar\/web\/index.php\/wp-json\/wp\/v2\/categories?post=4481"},{"taxonomy":"post_tag","embeddable":true,"href":"https:\/\/diariorepublica.com.ar\/web\/index.php\/wp-json\/wp\/v2\/tags?post=4481"}],"curies":[{"name":"wp","href":"https:\/\/api.w.org\/{rel}","templated":true}]}}