{"id":4484,"date":"2023-06-28T18:01:39","date_gmt":"2023-06-28T21:01:39","guid":{"rendered":"https:\/\/diariorepublica.com.ar\/web\/?p=4484"},"modified":"2023-06-28T18:01:40","modified_gmt":"2023-06-28T21:01:40","slug":"madonna-se-encuentra-internada-en-terapia-intensiva-y-preocupa-su-estado-de-salud","status":"publish","type":"post","link":"https:\/\/diariorepublica.com.ar\/web\/index.php\/internacionales\/2023\/06\/28\/madonna-se-encuentra-internada-en-terapia-intensiva-y-preocupa-su-estado-de-salud\/","title":{"rendered":"Madonna\u00a0se encuentra internada en terapia intensiva y preocupa su estado de salud"},"content":{"rendered":"<p>El manager de Madonna, Guy Oseary, confirm\u00f3 que\u00a0Madonna\u00a0se encuentra internada en terapia intensiva producto de una \u201cinfecci\u00f3n bacteriana grave\u201d.<\/p>\n<p>Por ese motivo, inform\u00f3 adem\u00e1s que se pospuso la gira \u201cCelebration\u201d, que estaba programada para comenzar en Vancouver, Canad\u00e1, el 15 de julio.<\/p>\n<h6>El comunicado\u00a0Oseary<\/h6>\n<p>\u201cSu salud est\u00e1 mejorando, no obstante, sigue bajo atenci\u00f3n m\u00e9dica. Se espera que se recupere totalmente\u201d, a\u00f1adi\u00f3 el representante en un posteo que realiz\u00f3 en Instagram.<\/p>\n<p><img decoding=\"async\" title=\"(Foto: Instagram\/guyoseary)\" src=\"https:\/\/www.canal26.com\/media\/image\/2023\/06\/28\/549447.jpg\" alt=\"(Foto: Instagram\/guyoseary)\" \/><\/p>\n<p>(Foto: Instagram\/guyoseary)<\/p>\n","protected":false},"excerpt":{"rendered":"<p>El manager de Madonna, Guy Oseary, confirm\u00f3 que\u00a0Madonna\u00a0se encuentra internada en terapia intensiva producto de una \u201cinfecci\u00f3n bacteriana grave\u201d. Por<\/p>\n","protected":false},"author":1,"featured_media":4485,"comment_status":"closed","ping_status":"closed","sticky":false,"template":"","format":"standard","meta":{"footnotes":"","jetpack_publicize_message":"","jetpack_publicize_feature_enabled":true,"jetpack_social_post_already_shared":false,"jetpack_social_options":{"image_generator_settings":{"template":"highway","enabled":false},"version":2}},"categories":[6],"tags":[],"class_list":["post-4484","post","type-post","status-publish","format-standard","has-post-thumbnail","hentry","category-internacionales"],"jetpack_publicize_connections":[],"_links":{"self":[{"href":"https:\/\/diariorepublica.com.ar\/web\/index.php\/wp-json\/wp\/v2\/posts\/4484"}],"collection":[{"href":"https:\/\/diariorepublica.com.ar\/web\/index.php\/wp-json\/wp\/v2\/posts"}],"about":[{"href":"https:\/\/diariorepublica.com.ar\/web\/index.php\/wp-json\/wp\/v2\/types\/post"}],"author":[{"embeddable":true,"href":"https:\/\/diariorepublica.com.ar\/web\/index.php\/wp-json\/wp\/v2\/users\/1"}],"replies":[{"embeddable":true,"href":"https:\/\/diariorepublica.com.ar\/web\/index.php\/wp-json\/wp\/v2\/comments?post=4484"}],"version-history":[{"count":1,"href":"https:\/\/diariorepublica.com.ar\/web\/index.php\/wp-json\/wp\/v2\/posts\/4484\/revisions"}],"predecessor-version":[{"id":4486,"href":"https:\/\/diariorepublica.com.ar\/web\/index.php\/wp-json\/wp\/v2\/posts\/4484\/revisions\/4486"}],"wp:featuredmedia":[{"embeddable":true,"href":"https:\/\/diariorepublica.com.ar\/web\/index.php\/wp-json\/wp\/v2\/media\/4485"}],"wp:attachment":[{"href":"https:\/\/diariorepublica.com.ar\/web\/index.php\/wp-json\/wp\/v2\/media?parent=4484"}],"wp:term":[{"taxonomy":"category","embeddable":true,"href":"https:\/\/diariorepublica.com.ar\/web\/index.php\/wp-json\/wp\/v2\/categories?post=4484"},{"taxonomy":"post_tag","embeddable":true,"href":"https:\/\/diariorepublica.com.ar\/web\/index.php\/wp-json\/wp\/v2\/tags?post=4484"}],"curies":[{"name":"wp","href":"https:\/\/api.w.org\/{rel}","templated":true}]}}