{"id":4498,"date":"2023-06-29T07:12:57","date_gmt":"2023-06-29T10:12:57","guid":{"rendered":"https:\/\/diariorepublica.com.ar\/web\/?p=4498"},"modified":"2023-06-29T07:12:58","modified_gmt":"2023-06-29T10:12:58","slug":"ivana-ferreyra-disputara-la-intendencia-de-icano","status":"publish","type":"post","link":"https:\/\/diariorepublica.com.ar\/web\/index.php\/politica\/2023\/06\/29\/ivana-ferreyra-disputara-la-intendencia-de-icano\/","title":{"rendered":"Ivana Ferreyra disputar\u00e1 la intendencia de Ica\u00f1o"},"content":{"rendered":"<p>La concejala de Ica\u00f1o, Ivana Ferreyra le disputar\u00e1 la intendencia de Ica\u00f1o a Franco Carletta (FdT), pero lo har\u00e1 desde Juntos por el Cambio ya que, seg\u00fan afirm\u00f3, no ten\u00eda garant\u00edas de que le permitan participar dentro de Uni\u00f3n por la Patria. Para poder participar lo hizo como adherente al Movimiento Mayo Catamarca, que integra la alianza opositora.<\/p>\n<p>Ferreyra expres\u00f3 \u00abSimplemente he tomado la decisi\u00f3n de buscar nuevos horizontes y nuevas oportunidades para seguir trabajando por el bienestar de mi comunidad, ya que en mi partido nadie me aseguraba de poder participar en estas elecciones\u00bb<\/p>\n<p>\u00abRechazo cualquier intento de deslegitimar mi decisi\u00f3n o de cuestionar mi lealtad a mi partido y a mi ideolog\u00eda. Soy una mujer de palabra y continuar\u00e9 trabajando con la misma energ\u00eda y compromiso que siempre he demostrado\u00bb, afirm\u00f3 y a\u00f1adi\u00f3 que tuvo el apoyo de votantes que la acompa\u00f1aron antes.\u00a0<\/p>\n<p>\u00a0<\/p>\n","protected":false},"excerpt":{"rendered":"<p>La concejala de Ica\u00f1o, Ivana Ferreyra le disputar\u00e1 la intendencia de Ica\u00f1o a Franco Carletta (FdT), pero lo har\u00e1 desde<\/p>\n","protected":false},"author":2,"featured_media":4499,"comment_status":"closed","ping_status":"closed","sticky":false,"template":"","format":"standard","meta":{"footnotes":"","jetpack_publicize_message":"","jetpack_publicize_feature_enabled":true,"jetpack_social_post_already_shared":false,"jetpack_social_options":{"image_generator_settings":{"template":"highway","enabled":false},"version":2}},"categories":[12],"tags":[],"class_list":["post-4498","post","type-post","status-publish","format-standard","has-post-thumbnail","hentry","category-politica"],"jetpack_publicize_connections":[],"_links":{"self":[{"href":"https:\/\/diariorepublica.com.ar\/web\/index.php\/wp-json\/wp\/v2\/posts\/4498"}],"collection":[{"href":"https:\/\/diariorepublica.com.ar\/web\/index.php\/wp-json\/wp\/v2\/posts"}],"about":[{"href":"https:\/\/diariorepublica.com.ar\/web\/index.php\/wp-json\/wp\/v2\/types\/post"}],"author":[{"embeddable":true,"href":"https:\/\/diariorepublica.com.ar\/web\/index.php\/wp-json\/wp\/v2\/users\/2"}],"replies":[{"embeddable":true,"href":"https:\/\/diariorepublica.com.ar\/web\/index.php\/wp-json\/wp\/v2\/comments?post=4498"}],"version-history":[{"count":1,"href":"https:\/\/diariorepublica.com.ar\/web\/index.php\/wp-json\/wp\/v2\/posts\/4498\/revisions"}],"predecessor-version":[{"id":4500,"href":"https:\/\/diariorepublica.com.ar\/web\/index.php\/wp-json\/wp\/v2\/posts\/4498\/revisions\/4500"}],"wp:featuredmedia":[{"embeddable":true,"href":"https:\/\/diariorepublica.com.ar\/web\/index.php\/wp-json\/wp\/v2\/media\/4499"}],"wp:attachment":[{"href":"https:\/\/diariorepublica.com.ar\/web\/index.php\/wp-json\/wp\/v2\/media?parent=4498"}],"wp:term":[{"taxonomy":"category","embeddable":true,"href":"https:\/\/diariorepublica.com.ar\/web\/index.php\/wp-json\/wp\/v2\/categories?post=4498"},{"taxonomy":"post_tag","embeddable":true,"href":"https:\/\/diariorepublica.com.ar\/web\/index.php\/wp-json\/wp\/v2\/tags?post=4498"}],"curies":[{"name":"wp","href":"https:\/\/api.w.org\/{rel}","templated":true}]}}