{"id":4622,"date":"2023-07-03T12:55:10","date_gmt":"2023-07-03T15:55:10","guid":{"rendered":"https:\/\/diariorepublica.com.ar\/web\/?p=4622"},"modified":"2023-07-03T12:55:10","modified_gmt":"2023-07-03T15:55:10","slug":"el-5-de-julio-sera-dia-no-laborable-en-la-capital","status":"publish","type":"post","link":"https:\/\/diariorepublica.com.ar\/web\/index.php\/locales\/2023\/07\/03\/el-5-de-julio-sera-dia-no-laborable-en-la-capital\/","title":{"rendered":"El 5 de julio ser\u00e1 d\u00eda no laborable en la Capital"},"content":{"rendered":"<p>El intendente<strong>\u00a0Gustavo Saadi<\/strong>\u00a0rubric\u00f3 el Decreto n\u00b0 1149 mediante el cual declara\u00a0<strong>d\u00eda No Laborable, para este mi\u00e9rcoles\u00a0<\/strong>en el \u00e1mbito capitalino, esto por recordarse en esa fecha un nuevo aniversario de la\u00a0<strong>fundaci\u00f3n de la Capital<\/strong>. La disposici\u00f3n comunal se\u00f1ala que la medida es abarcativa para las distintas dependencias municipales, y que estas deber\u00e1n prever las guardias m\u00ednimas correspondientes a fin de que no se vean interrumpidos los servicios.<\/p>\n<p>Luego en en decreto, se invita a los organismos provinciales y nacionales, poder Judicial provincial y nacional, entidades bancarias y otros a adherirse.<\/p>\n","protected":false},"excerpt":{"rendered":"<p>El intendente\u00a0Gustavo Saadi\u00a0rubric\u00f3 el Decreto n\u00b0 1149 mediante el cual declara\u00a0d\u00eda No Laborable, para este mi\u00e9rcoles\u00a0en el \u00e1mbito capitalino, esto<\/p>\n","protected":false},"author":1,"featured_media":4623,"comment_status":"closed","ping_status":"closed","sticky":false,"template":"","format":"standard","meta":{"footnotes":"","jetpack_publicize_message":"","jetpack_publicize_feature_enabled":true,"jetpack_social_post_already_shared":false,"jetpack_social_options":{"image_generator_settings":{"template":"highway","enabled":false},"version":2}},"categories":[2],"tags":[],"class_list":["post-4622","post","type-post","status-publish","format-standard","has-post-thumbnail","hentry","category-locales"],"jetpack_publicize_connections":[],"_links":{"self":[{"href":"https:\/\/diariorepublica.com.ar\/web\/index.php\/wp-json\/wp\/v2\/posts\/4622"}],"collection":[{"href":"https:\/\/diariorepublica.com.ar\/web\/index.php\/wp-json\/wp\/v2\/posts"}],"about":[{"href":"https:\/\/diariorepublica.com.ar\/web\/index.php\/wp-json\/wp\/v2\/types\/post"}],"author":[{"embeddable":true,"href":"https:\/\/diariorepublica.com.ar\/web\/index.php\/wp-json\/wp\/v2\/users\/1"}],"replies":[{"embeddable":true,"href":"https:\/\/diariorepublica.com.ar\/web\/index.php\/wp-json\/wp\/v2\/comments?post=4622"}],"version-history":[{"count":1,"href":"https:\/\/diariorepublica.com.ar\/web\/index.php\/wp-json\/wp\/v2\/posts\/4622\/revisions"}],"predecessor-version":[{"id":4624,"href":"https:\/\/diariorepublica.com.ar\/web\/index.php\/wp-json\/wp\/v2\/posts\/4622\/revisions\/4624"}],"wp:featuredmedia":[{"embeddable":true,"href":"https:\/\/diariorepublica.com.ar\/web\/index.php\/wp-json\/wp\/v2\/media\/4623"}],"wp:attachment":[{"href":"https:\/\/diariorepublica.com.ar\/web\/index.php\/wp-json\/wp\/v2\/media?parent=4622"}],"wp:term":[{"taxonomy":"category","embeddable":true,"href":"https:\/\/diariorepublica.com.ar\/web\/index.php\/wp-json\/wp\/v2\/categories?post=4622"},{"taxonomy":"post_tag","embeddable":true,"href":"https:\/\/diariorepublica.com.ar\/web\/index.php\/wp-json\/wp\/v2\/tags?post=4622"}],"curies":[{"name":"wp","href":"https:\/\/api.w.org\/{rel}","templated":true}]}}