{"id":4628,"date":"2023-07-04T05:46:00","date_gmt":"2023-07-04T08:46:00","guid":{"rendered":"https:\/\/diariorepublica.com.ar\/web\/?p=4628"},"modified":"2023-07-04T07:47:44","modified_gmt":"2023-07-04T10:47:44","slug":"se-filtro-la-que-seria-la-proxima-camiseta-de-boca","status":"publish","type":"post","link":"https:\/\/diariorepublica.com.ar\/web\/index.php\/deportes\/2023\/07\/04\/se-filtro-la-que-seria-la-proxima-camiseta-de-boca\/","title":{"rendered":"Se filtr\u00f3 la que ser\u00eda la pr\u00f3xima camiseta de Boca"},"content":{"rendered":"<p>El hist\u00f3rico sitio\u00a0<strong>Footy\u00a0Headlines\u00a0<\/strong>volvi\u00f3 a\u00a0adelantar una camiseta de f\u00fatbol y gener\u00f3 un gran revuelo en las redes sociales.<\/p>\n<p>En este caso, el anticipo involucra a\u00a0Boca\u00a0y los hinchas no tardaron en dar su opini\u00f3n al respecto a la equipaci\u00f3n\u00a0que\u00a0<strong>tendr\u00e1 una notorias diferencias con respecto a la actual equipaci\u00f3n titular.<\/strong><\/p>\n<p>Se trata de una casaca que\u00a0muestra una variaci\u00f3n de\u00a0<strong>distintas tonalidades de azul,<\/strong>\u00a0el color principal de la camiseta, con la cl\u00e1sica franja horizontal amarilla, aunque tambi\u00e9n tendr\u00eda unas l\u00edneas del mismo color que la franja a los costados de la casaca.\u00a0<strong>El logo de\u00a0Adidas\u00a0y las tres tiras ser\u00e1n de color amarillo.<\/strong><\/p>\n<p>Tambi\u00e9n estar\u00edan presentes en el frente y la espalda los dos sponsors principales del club:\u00a0<strong>Betsson<\/strong>, en el centro de la remera, y<strong>\u00a0DirecTV<\/strong>\u00a0en la parte baja de la espalda. Adem\u00e1s, la leyenda \u00ab<strong>Xeneize\u00bb<\/strong>\u00a0se podr\u00e1 ver debajo de la nuca en un vivo color amarillo.<\/p>\n<h6>La opini\u00f3n de los hinchas<\/h6>\n<p>En las redes sociales, distintas cuentas se expresaron y\u00a0<strong>generaron fuertes reacciones en los hinchas.<\/strong><\/p>\n<p><img decoding=\"async\" src=\"https:\/\/www.canal26.com\/media\/image\/2023\/07\/03\/550207.jpg\" alt=\"Posible nueva camiseta de Boca para la pr\u00f3xima temporada. Foto:  Footy Headlines.\" \/><span class=\"figcaption epigraph_text\">Posible nueva camiseta de Boca para la pr\u00f3xima temporada. Foto: Footy Headlines.<\/span><\/p>\n<p>Comentarios como\u00a0<strong>\u201cMuy buena la versi\u00f3n trucha.<\/strong>\u00a0Ahora, \u00bfcu\u00e1l ser\u00eda la de verdad?\u201d,\u00a0<strong>\u201cSi es esa, hay que\u00a0rescindirles\u00a0el contrato ya mismo\u201d<\/strong>, \u201cAcorde a c\u00f3mo juega el equipo de Almir\u00f3n\u201d, \u201c<strong>Parece de entrenamiento<\/strong>\u201d y \u201cRara. No s\u00e9 si me gusta o no.\u00a0<strong>Voy a esperar a ver c\u00f3mo le queda a Marcos Rojo para decidir\u201d,<\/strong>\u00a0fueron los publicados por los hinchas de Boca en cuanto se filtr\u00f3 el posible modelo.<\/p>\n","protected":false},"excerpt":{"rendered":"<p>El hist\u00f3rico sitio\u00a0Footy\u00a0Headlines\u00a0volvi\u00f3 a\u00a0adelantar una camiseta de f\u00fatbol y gener\u00f3 un gran revuelo en las redes sociales. En este caso,<\/p>\n","protected":false},"author":1,"featured_media":4629,"comment_status":"closed","ping_status":"closed","sticky":false,"template":"","format":"standard","meta":{"footnotes":"","jetpack_publicize_message":"","jetpack_publicize_feature_enabled":true,"jetpack_social_post_already_shared":false,"jetpack_social_options":{"image_generator_settings":{"template":"highway","enabled":false},"version":2}},"categories":[9],"tags":[],"class_list":["post-4628","post","type-post","status-publish","format-standard","has-post-thumbnail","hentry","category-deportes"],"jetpack_publicize_connections":[],"_links":{"self":[{"href":"https:\/\/diariorepublica.com.ar\/web\/index.php\/wp-json\/wp\/v2\/posts\/4628"}],"collection":[{"href":"https:\/\/diariorepublica.com.ar\/web\/index.php\/wp-json\/wp\/v2\/posts"}],"about":[{"href":"https:\/\/diariorepublica.com.ar\/web\/index.php\/wp-json\/wp\/v2\/types\/post"}],"author":[{"embeddable":true,"href":"https:\/\/diariorepublica.com.ar\/web\/index.php\/wp-json\/wp\/v2\/users\/1"}],"replies":[{"embeddable":true,"href":"https:\/\/diariorepublica.com.ar\/web\/index.php\/wp-json\/wp\/v2\/comments?post=4628"}],"version-history":[{"count":1,"href":"https:\/\/diariorepublica.com.ar\/web\/index.php\/wp-json\/wp\/v2\/posts\/4628\/revisions"}],"predecessor-version":[{"id":4630,"href":"https:\/\/diariorepublica.com.ar\/web\/index.php\/wp-json\/wp\/v2\/posts\/4628\/revisions\/4630"}],"wp:featuredmedia":[{"embeddable":true,"href":"https:\/\/diariorepublica.com.ar\/web\/index.php\/wp-json\/wp\/v2\/media\/4629"}],"wp:attachment":[{"href":"https:\/\/diariorepublica.com.ar\/web\/index.php\/wp-json\/wp\/v2\/media?parent=4628"}],"wp:term":[{"taxonomy":"category","embeddable":true,"href":"https:\/\/diariorepublica.com.ar\/web\/index.php\/wp-json\/wp\/v2\/categories?post=4628"},{"taxonomy":"post_tag","embeddable":true,"href":"https:\/\/diariorepublica.com.ar\/web\/index.php\/wp-json\/wp\/v2\/tags?post=4628"}],"curies":[{"name":"wp","href":"https:\/\/api.w.org\/{rel}","templated":true}]}}