{"id":4637,"date":"2023-07-04T01:53:00","date_gmt":"2023-07-04T04:53:00","guid":{"rendered":"https:\/\/diariorepublica.com.ar\/web\/?p=4637"},"modified":"2023-07-04T07:55:44","modified_gmt":"2023-07-04T10:55:44","slug":"marcos-rojo-se-fue-de-vacaciones-a-miami-en-medio-de-las-dudas-sobre-su-futuro-en-boca","status":"publish","type":"post","link":"https:\/\/diariorepublica.com.ar\/web\/index.php\/deportes\/2023\/07\/04\/marcos-rojo-se-fue-de-vacaciones-a-miami-en-medio-de-las-dudas-sobre-su-futuro-en-boca\/","title":{"rendered":"Marcos Rojo se fue de vacaciones a Miami en medio de las dudas sobre su futuro en Boca"},"content":{"rendered":"<p>Mientras su continuidad en<b>\u00a0Boca<\/b>\u00a0est\u00e1 en duda por a\u00fan no renovar su contrato (que finaliza en seis meses) y tras una lesi\u00f3n muscular,\u00a0<b>Marcos Rojo decidi\u00f3 tomarse unas vacaciones<\/b>\u00a0e irse junto a su familia a los Estados Unidos.<\/p>\n<p><b>El capit\u00e1n y referente del Xeneize habr\u00eda arreglado con el vicepresidente Juan Rom\u00e1n Riquelme y el entrenador Jorge Almir\u00f3n<\/b>\u00a0para viajar a la ciudad de\u00a0<b>Miami, Florida,<\/b>\u00a0y disfrutar all\u00ed de unos d\u00edas de descanso.<\/p>\n<p>En tanto, el jugador de 33 a\u00f1os\u00a0<b>se recupera de un desgarro grado uno que hab\u00eda sufrido en el recto anterior derecho<\/b>\u00a0que lo dej\u00f3 fuera del encuentro en el que su equipo gan\u00f3 2 a 0 ante Sarmiento el domingo pasado y que lo tendr\u00e1 fuera de las canchas durante las pr\u00f3ximas semanas.<\/p>\n<p>A trav\u00e9s de las redes se pudo ver a Rojo en el Aeropuerto de Ezeiza, por partir al pa\u00eds norteamericano, fotografi\u00e1ndose junto a la boxeadora y campeona del mundo Celeste \u00abChucky\u00bb Alaniz, quien fue la encargada de subir a sus redes la imagen con el futbolista.<\/p>\n<h6>C\u00f3mo est\u00e1 la situaci\u00f3n de Rojo con Boca y la chance de firmar un precontrato con otro club<\/h6>\n<p>Aunque desde el lado del marcador central aseguran que desea seguir con la Azul y Oro,\u00a0<b>a seis meses de quedar libre<\/b>, se encienden las alarmas, puesto que Rojo<b>\u00a0tiene la potestad de comenzar tratativas con otro club e incluso firmar un precontrato si lo quisiese<\/b>.<\/p>\n<p><b>\u00abSeguro siga un tiempo m\u00e1s, estoy muy contento. Estoy hablando con Rom\u00e1n de cara al futuro<\/b>. Quiere tambi\u00e9n que siga y habr\u00e1 que ponerse de acuerdo. Espero que sea lo mejor para todos\u00bb, confes\u00f3 hace algunas semanas el marcador central que desde hace ocho meses n<b>o puede jugar oficialmente por la ruptura del ligamento cruzado anterior\u00a0<\/b>que lo margin\u00f3 de las canchas, sumado a los \u00faltimos dos problemas musculares que sufri\u00f3 recientemente.<\/p>\n<p><b>En Boca, el deseo tambi\u00e9n es que el m\u00e1ximo referente de este plantel contin\u00fae vistiendo la camiseta<\/b>\u00a0despu\u00e9s de diciembre con la cinta de capit\u00e1n en su brazo izquierdo. Como desde ambos lados la intenci\u00f3n es la misma, eso hace pensar que no habr\u00e1 mayores problemas para que las tratativas se retomen en la brevedad y terminen llegando a buen puerto; es decir, con la continuidad del capit\u00e1n. No obstante, en el mientras tanto no es un dato menor que otros equipos ya se puedan acercarse para tentarlo con pegar el portazo de La Bombonera pasado diciembre.<\/p>\n","protected":false},"excerpt":{"rendered":"<p>Mientras su continuidad en\u00a0Boca\u00a0est\u00e1 en duda por a\u00fan no renovar su contrato (que finaliza en seis meses) y tras una<\/p>\n","protected":false},"author":1,"featured_media":4638,"comment_status":"closed","ping_status":"closed","sticky":false,"template":"","format":"standard","meta":{"footnotes":"","jetpack_publicize_message":"","jetpack_publicize_feature_enabled":true,"jetpack_social_post_already_shared":false,"jetpack_social_options":{"image_generator_settings":{"template":"highway","enabled":false},"version":2}},"categories":[9],"tags":[],"class_list":["post-4637","post","type-post","status-publish","format-standard","has-post-thumbnail","hentry","category-deportes"],"jetpack_publicize_connections":[],"_links":{"self":[{"href":"https:\/\/diariorepublica.com.ar\/web\/index.php\/wp-json\/wp\/v2\/posts\/4637"}],"collection":[{"href":"https:\/\/diariorepublica.com.ar\/web\/index.php\/wp-json\/wp\/v2\/posts"}],"about":[{"href":"https:\/\/diariorepublica.com.ar\/web\/index.php\/wp-json\/wp\/v2\/types\/post"}],"author":[{"embeddable":true,"href":"https:\/\/diariorepublica.com.ar\/web\/index.php\/wp-json\/wp\/v2\/users\/1"}],"replies":[{"embeddable":true,"href":"https:\/\/diariorepublica.com.ar\/web\/index.php\/wp-json\/wp\/v2\/comments?post=4637"}],"version-history":[{"count":1,"href":"https:\/\/diariorepublica.com.ar\/web\/index.php\/wp-json\/wp\/v2\/posts\/4637\/revisions"}],"predecessor-version":[{"id":4639,"href":"https:\/\/diariorepublica.com.ar\/web\/index.php\/wp-json\/wp\/v2\/posts\/4637\/revisions\/4639"}],"wp:featuredmedia":[{"embeddable":true,"href":"https:\/\/diariorepublica.com.ar\/web\/index.php\/wp-json\/wp\/v2\/media\/4638"}],"wp:attachment":[{"href":"https:\/\/diariorepublica.com.ar\/web\/index.php\/wp-json\/wp\/v2\/media?parent=4637"}],"wp:term":[{"taxonomy":"category","embeddable":true,"href":"https:\/\/diariorepublica.com.ar\/web\/index.php\/wp-json\/wp\/v2\/categories?post=4637"},{"taxonomy":"post_tag","embeddable":true,"href":"https:\/\/diariorepublica.com.ar\/web\/index.php\/wp-json\/wp\/v2\/tags?post=4637"}],"curies":[{"name":"wp","href":"https:\/\/api.w.org\/{rel}","templated":true}]}}