{"id":4650,"date":"2023-07-04T08:57:29","date_gmt":"2023-07-04T11:57:29","guid":{"rendered":"https:\/\/diariorepublica.com.ar\/web\/?p=4650"},"modified":"2023-07-04T08:57:30","modified_gmt":"2023-07-04T11:57:30","slug":"paro-de-trabajadores-de-reconocimiento-medico","status":"publish","type":"post","link":"https:\/\/diariorepublica.com.ar\/web\/index.php\/sociedad\/2023\/07\/04\/paro-de-trabajadores-de-reconocimiento-medico\/","title":{"rendered":"Paro de trabajadores de Reconocimiento M\u00e9dico"},"content":{"rendered":"<p>Despu\u00e9s de varios d\u00edas de reclamo por una equiparaci\u00f3n salarial en base a un adicional que perciben distintas reparticiones, los trabajadores de Reconocimiento M\u00e9dico iniciaron ayer un paro total por tiempo indeterminado, medida que afecta directamente a las licencias m\u00e9dicas de docentes y no docentes.\u00a0 Franco C\u00e1rdenes, profesional en el \u00e1rea, precis\u00f3 que la medida de fuerza est\u00e1 \u201cmotivada en el reclamo de equiparaci\u00f3n salarial con un adicional de auditor\u00eda que lo perciben otras reparticiones y nosotros hasta el momento no tenemos respuesta a la solicitud\u201d. \u201cHace 15 meses venimos haciendo el reclamo\u201d<\/p>\n<p>Por su parte, In\u00e9s Vilbao, quien tambi\u00e9n trabaja en la repartici\u00f3n, se\u00f1al\u00f3 que el 95 por ciento de las y los profesionales de Reconocimiento se adhirieron al paro. \u201cEsta medida fue increment\u00e1ndose con el tiempo, primero iniciamos con algunas horas y desde el d\u00eda de hoy -por ayer- es paro total por tiempo indeterminado\u201d<\/p>\n","protected":false},"excerpt":{"rendered":"<p>Despu\u00e9s de varios d\u00edas de reclamo por una equiparaci\u00f3n salarial en base a un adicional que perciben distintas reparticiones, los<\/p>\n","protected":false},"author":2,"featured_media":4651,"comment_status":"closed","ping_status":"closed","sticky":false,"template":"","format":"standard","meta":{"footnotes":"","jetpack_publicize_message":"","jetpack_publicize_feature_enabled":true,"jetpack_social_post_already_shared":false,"jetpack_social_options":{"image_generator_settings":{"template":"highway","enabled":false},"version":2}},"categories":[3],"tags":[],"class_list":["post-4650","post","type-post","status-publish","format-standard","has-post-thumbnail","hentry","category-sociedad"],"jetpack_publicize_connections":[],"_links":{"self":[{"href":"https:\/\/diariorepublica.com.ar\/web\/index.php\/wp-json\/wp\/v2\/posts\/4650"}],"collection":[{"href":"https:\/\/diariorepublica.com.ar\/web\/index.php\/wp-json\/wp\/v2\/posts"}],"about":[{"href":"https:\/\/diariorepublica.com.ar\/web\/index.php\/wp-json\/wp\/v2\/types\/post"}],"author":[{"embeddable":true,"href":"https:\/\/diariorepublica.com.ar\/web\/index.php\/wp-json\/wp\/v2\/users\/2"}],"replies":[{"embeddable":true,"href":"https:\/\/diariorepublica.com.ar\/web\/index.php\/wp-json\/wp\/v2\/comments?post=4650"}],"version-history":[{"count":1,"href":"https:\/\/diariorepublica.com.ar\/web\/index.php\/wp-json\/wp\/v2\/posts\/4650\/revisions"}],"predecessor-version":[{"id":4652,"href":"https:\/\/diariorepublica.com.ar\/web\/index.php\/wp-json\/wp\/v2\/posts\/4650\/revisions\/4652"}],"wp:featuredmedia":[{"embeddable":true,"href":"https:\/\/diariorepublica.com.ar\/web\/index.php\/wp-json\/wp\/v2\/media\/4651"}],"wp:attachment":[{"href":"https:\/\/diariorepublica.com.ar\/web\/index.php\/wp-json\/wp\/v2\/media?parent=4650"}],"wp:term":[{"taxonomy":"category","embeddable":true,"href":"https:\/\/diariorepublica.com.ar\/web\/index.php\/wp-json\/wp\/v2\/categories?post=4650"},{"taxonomy":"post_tag","embeddable":true,"href":"https:\/\/diariorepublica.com.ar\/web\/index.php\/wp-json\/wp\/v2\/tags?post=4650"}],"curies":[{"name":"wp","href":"https:\/\/api.w.org\/{rel}","templated":true}]}}