{"id":4653,"date":"2023-07-04T09:01:14","date_gmt":"2023-07-04T12:01:14","guid":{"rendered":"https:\/\/diariorepublica.com.ar\/web\/?p=4653"},"modified":"2023-07-04T09:01:15","modified_gmt":"2023-07-04T12:01:15","slug":"duele-mucho-esto-que-esta-pasando","status":"publish","type":"post","link":"https:\/\/diariorepublica.com.ar\/web\/index.php\/politica\/2023\/07\/04\/duele-mucho-esto-que-esta-pasando\/","title":{"rendered":"\u00abDuele mucho esto que est\u00e1 pasando\u00bb"},"content":{"rendered":"<p>El intendente de Bel\u00e9n y precandidato a senador por el departamento, Daniel \u201cTelchi\u201d R\u00edos, se expres\u00f3 sobre el tema de las limitaciones en la reelecci\u00f3n de los precandidatos. En este sentido, sostuvo que le \u201cduele mucho lo que est\u00e1 pasando\u201d en Juntos por el Cambio y afirm\u00f3 que el planteo contra los intendentes \u201ces una canallada\u201d.<\/p>\n<p>\u201cEn lugar de que estemos m\u00e1s unidos que nunca y trabajemos en c\u00f3mo desarrollamos un programa de gobierno que enamore a la ciudadan\u00eda de la provincia, estamos en confrontaciones internas que nada tienen que ver con lo que la gente pide. A m\u00ed me da verg\u00fcenza ajena que nos comportemos de esta manera\u201d<\/p>\n","protected":false},"excerpt":{"rendered":"<p>El intendente de Bel\u00e9n y precandidato a senador por el departamento, Daniel \u201cTelchi\u201d R\u00edos, se expres\u00f3 sobre el tema de<\/p>\n","protected":false},"author":2,"featured_media":4654,"comment_status":"closed","ping_status":"closed","sticky":false,"template":"","format":"standard","meta":{"footnotes":"","jetpack_publicize_message":"","jetpack_publicize_feature_enabled":true,"jetpack_social_post_already_shared":false,"jetpack_social_options":{"image_generator_settings":{"template":"highway","enabled":false},"version":2}},"categories":[12],"tags":[],"class_list":["post-4653","post","type-post","status-publish","format-standard","has-post-thumbnail","hentry","category-politica"],"jetpack_publicize_connections":[],"_links":{"self":[{"href":"https:\/\/diariorepublica.com.ar\/web\/index.php\/wp-json\/wp\/v2\/posts\/4653"}],"collection":[{"href":"https:\/\/diariorepublica.com.ar\/web\/index.php\/wp-json\/wp\/v2\/posts"}],"about":[{"href":"https:\/\/diariorepublica.com.ar\/web\/index.php\/wp-json\/wp\/v2\/types\/post"}],"author":[{"embeddable":true,"href":"https:\/\/diariorepublica.com.ar\/web\/index.php\/wp-json\/wp\/v2\/users\/2"}],"replies":[{"embeddable":true,"href":"https:\/\/diariorepublica.com.ar\/web\/index.php\/wp-json\/wp\/v2\/comments?post=4653"}],"version-history":[{"count":1,"href":"https:\/\/diariorepublica.com.ar\/web\/index.php\/wp-json\/wp\/v2\/posts\/4653\/revisions"}],"predecessor-version":[{"id":4655,"href":"https:\/\/diariorepublica.com.ar\/web\/index.php\/wp-json\/wp\/v2\/posts\/4653\/revisions\/4655"}],"wp:featuredmedia":[{"embeddable":true,"href":"https:\/\/diariorepublica.com.ar\/web\/index.php\/wp-json\/wp\/v2\/media\/4654"}],"wp:attachment":[{"href":"https:\/\/diariorepublica.com.ar\/web\/index.php\/wp-json\/wp\/v2\/media?parent=4653"}],"wp:term":[{"taxonomy":"category","embeddable":true,"href":"https:\/\/diariorepublica.com.ar\/web\/index.php\/wp-json\/wp\/v2\/categories?post=4653"},{"taxonomy":"post_tag","embeddable":true,"href":"https:\/\/diariorepublica.com.ar\/web\/index.php\/wp-json\/wp\/v2\/tags?post=4653"}],"curies":[{"name":"wp","href":"https:\/\/api.w.org\/{rel}","templated":true}]}}