{"id":4656,"date":"2023-07-04T09:02:27","date_gmt":"2023-07-04T12:02:27","guid":{"rendered":"https:\/\/diariorepublica.com.ar\/web\/?p=4656"},"modified":"2023-07-04T09:03:35","modified_gmt":"2023-07-04T12:03:35","slug":"una-mujer-reclama-ante-osep-por-no-permitirle-una-fertilizacion-asistida-porque-no-tiene-pareja","status":"publish","type":"post","link":"https:\/\/diariorepublica.com.ar\/web\/index.php\/sociedad\/2023\/07\/04\/una-mujer-reclama-ante-osep-por-no-permitirle-una-fertilizacion-asistida-porque-no-tiene-pareja\/","title":{"rendered":"Una mujer reclama ante OSEP por no permitirle una fertilizaci\u00f3n asistida porque \u201cno tiene pareja\u201d"},"content":{"rendered":"<p>La mujer hab\u00eda intentado quedar embarazada con procedimientos de baja complejidad y no tuvo \u00e9xito. Entonces, solicit\u00f3 la cobertura de un tratamiento m\u00e1s complejo y se lo denegaron porque dicha cobertura \u201cest\u00e1 indicada para parejas convivientes\u201d, entre otras razones.<\/p>\n<p>El Poder Judicial de Catamarca puso en conocimiento p\u00fablico un fallo que podr\u00eda marcar un importante antecedente en materia de derechos reproductivos. Es el caso de una mujer cuya identidad se preserva, que en plena pandemia tuvo deseo de ser madre, seg\u00fan se desprende de la informaci\u00f3n, no estaba en pareja y estaba a punto de cumplir 45 a\u00f1os.<\/p>\n<p>Con ese deseo en marcha, y bajo la Ley 26.862 de Reproducci\u00f3n Asistida, accedi\u00f3 a un tratamiento en la Maternidad Provincial para quedar embarazada, no obstante, otra vez los resultados fueron negativos. Sus m\u00e9dicos especialistas le indican tratamiento de Fertilizaci\u00f3n in vitro de manera urgente dado que, seg\u00fan los estudios cient\u00edficos, para la obtenci\u00f3n del resultado positivo el procedimiento debe realizarse antes de los 45 a\u00f1os.<\/p>\n<p>Fue all\u00ed que la afiliada a la Obra Social de los Empleados P\u00fablicos la mujer solicit\u00f3 la cobertura del tratamiento, tal como indica la Ley 26.862. Sin embargo, la obra social le neg\u00f3 su pedido. Seg\u00fan auditor\u00eda m\u00e9dica y normativa de la obra social, no se cubren los tratamientos de inseminaci\u00f3n in vitro con semen de banco y adem\u00e1s, la cobertura que ellos otorgan est\u00e1 indicada para \u201cparejas convivientes\u201d.<\/p>\n<p>En este sentido, explicaron que \u201cambos integrantes deben ser afiliados a la obra social, la cobertura es hasta 41 a\u00f1os y deben existir intentos previos de procedimientos de baja complejidad\u201d.<\/p>\n","protected":false},"excerpt":{"rendered":"<p>La mujer hab\u00eda intentado quedar embarazada con procedimientos de baja complejidad y no tuvo \u00e9xito. Entonces, solicit\u00f3 la cobertura de<\/p>\n","protected":false},"author":2,"featured_media":4657,"comment_status":"closed","ping_status":"closed","sticky":false,"template":"","format":"standard","meta":{"footnotes":"","jetpack_publicize_message":"","jetpack_publicize_feature_enabled":true,"jetpack_social_post_already_shared":false,"jetpack_social_options":{"image_generator_settings":{"template":"highway","enabled":false},"version":2}},"categories":[3],"tags":[],"class_list":["post-4656","post","type-post","status-publish","format-standard","has-post-thumbnail","hentry","category-sociedad"],"jetpack_publicize_connections":[],"_links":{"self":[{"href":"https:\/\/diariorepublica.com.ar\/web\/index.php\/wp-json\/wp\/v2\/posts\/4656"}],"collection":[{"href":"https:\/\/diariorepublica.com.ar\/web\/index.php\/wp-json\/wp\/v2\/posts"}],"about":[{"href":"https:\/\/diariorepublica.com.ar\/web\/index.php\/wp-json\/wp\/v2\/types\/post"}],"author":[{"embeddable":true,"href":"https:\/\/diariorepublica.com.ar\/web\/index.php\/wp-json\/wp\/v2\/users\/2"}],"replies":[{"embeddable":true,"href":"https:\/\/diariorepublica.com.ar\/web\/index.php\/wp-json\/wp\/v2\/comments?post=4656"}],"version-history":[{"count":2,"href":"https:\/\/diariorepublica.com.ar\/web\/index.php\/wp-json\/wp\/v2\/posts\/4656\/revisions"}],"predecessor-version":[{"id":4660,"href":"https:\/\/diariorepublica.com.ar\/web\/index.php\/wp-json\/wp\/v2\/posts\/4656\/revisions\/4660"}],"wp:featuredmedia":[{"embeddable":true,"href":"https:\/\/diariorepublica.com.ar\/web\/index.php\/wp-json\/wp\/v2\/media\/4657"}],"wp:attachment":[{"href":"https:\/\/diariorepublica.com.ar\/web\/index.php\/wp-json\/wp\/v2\/media?parent=4656"}],"wp:term":[{"taxonomy":"category","embeddable":true,"href":"https:\/\/diariorepublica.com.ar\/web\/index.php\/wp-json\/wp\/v2\/categories?post=4656"},{"taxonomy":"post_tag","embeddable":true,"href":"https:\/\/diariorepublica.com.ar\/web\/index.php\/wp-json\/wp\/v2\/tags?post=4656"}],"curies":[{"name":"wp","href":"https:\/\/api.w.org\/{rel}","templated":true}]}}