{"id":4661,"date":"2023-07-04T09:06:40","date_gmt":"2023-07-04T12:06:40","guid":{"rendered":"https:\/\/diariorepublica.com.ar\/web\/?p=4661"},"modified":"2023-07-04T09:06:41","modified_gmt":"2023-07-04T12:06:41","slug":"el-5-de-julio-sera-dia-no-laborable-en-la-capital-2","status":"publish","type":"post","link":"https:\/\/diariorepublica.com.ar\/web\/index.php\/sociedad\/2023\/07\/04\/el-5-de-julio-sera-dia-no-laborable-en-la-capital-2\/","title":{"rendered":"El 5 de julio ser\u00e1 d\u00eda no laborable en la Capital"},"content":{"rendered":"<p>El intendente de la Capital decret\u00f3 como \u201cD\u00eda No Laborable\u201d el mi\u00e9rcoles 5 de julio para todo el personal municipal\u00a0 en conmemoraci\u00f3n al 340\u00b0 Aniversario de la fundaci\u00f3n de la Ciudad de San Fernando del Valle de Catamarca.<\/p>\n<p>Asimismo, establece que \u201clas distintas dependencias de la comuna, deber\u00e1n prever las guardias m\u00ednimas correspondientes a fin de que no se vean interrumpidos los servicios\u201d.<\/p>\n<p>\u201cEs deber del Estado Municipal, mantener viva la memoria de los acontecimientos transcendentales del pasado\u201d, expresa el instrumento oficial.<\/p>\n<p>Tambi\u00e9n invit\u00f3 a los Organismos Provinciales y Nacionales, Poder Judicial Provincial y Nacional, Entidades Bancarias y dem\u00e1s Entidades y\/o Organismos a adherirse a lo dispuesto en el art\u00edculo primero del decreto municipal.<\/p>\n","protected":false},"excerpt":{"rendered":"<p>El intendente de la Capital decret\u00f3 como \u201cD\u00eda No Laborable\u201d el mi\u00e9rcoles 5 de julio para todo el personal municipal\u00a0<\/p>\n","protected":false},"author":2,"featured_media":4662,"comment_status":"closed","ping_status":"closed","sticky":false,"template":"","format":"standard","meta":{"footnotes":"","jetpack_publicize_message":"","jetpack_publicize_feature_enabled":true,"jetpack_social_post_already_shared":false,"jetpack_social_options":{"image_generator_settings":{"template":"highway","enabled":false},"version":2}},"categories":[3],"tags":[],"class_list":["post-4661","post","type-post","status-publish","format-standard","has-post-thumbnail","hentry","category-sociedad"],"jetpack_publicize_connections":[],"_links":{"self":[{"href":"https:\/\/diariorepublica.com.ar\/web\/index.php\/wp-json\/wp\/v2\/posts\/4661"}],"collection":[{"href":"https:\/\/diariorepublica.com.ar\/web\/index.php\/wp-json\/wp\/v2\/posts"}],"about":[{"href":"https:\/\/diariorepublica.com.ar\/web\/index.php\/wp-json\/wp\/v2\/types\/post"}],"author":[{"embeddable":true,"href":"https:\/\/diariorepublica.com.ar\/web\/index.php\/wp-json\/wp\/v2\/users\/2"}],"replies":[{"embeddable":true,"href":"https:\/\/diariorepublica.com.ar\/web\/index.php\/wp-json\/wp\/v2\/comments?post=4661"}],"version-history":[{"count":1,"href":"https:\/\/diariorepublica.com.ar\/web\/index.php\/wp-json\/wp\/v2\/posts\/4661\/revisions"}],"predecessor-version":[{"id":4663,"href":"https:\/\/diariorepublica.com.ar\/web\/index.php\/wp-json\/wp\/v2\/posts\/4661\/revisions\/4663"}],"wp:featuredmedia":[{"embeddable":true,"href":"https:\/\/diariorepublica.com.ar\/web\/index.php\/wp-json\/wp\/v2\/media\/4662"}],"wp:attachment":[{"href":"https:\/\/diariorepublica.com.ar\/web\/index.php\/wp-json\/wp\/v2\/media?parent=4661"}],"wp:term":[{"taxonomy":"category","embeddable":true,"href":"https:\/\/diariorepublica.com.ar\/web\/index.php\/wp-json\/wp\/v2\/categories?post=4661"},{"taxonomy":"post_tag","embeddable":true,"href":"https:\/\/diariorepublica.com.ar\/web\/index.php\/wp-json\/wp\/v2\/tags?post=4661"}],"curies":[{"name":"wp","href":"https:\/\/api.w.org\/{rel}","templated":true}]}}