{"id":4664,"date":"2023-07-04T09:34:35","date_gmt":"2023-07-04T12:34:35","guid":{"rendered":"https:\/\/diariorepublica.com.ar\/web\/?p=4664"},"modified":"2023-07-04T09:34:36","modified_gmt":"2023-07-04T12:34:36","slug":"atacaron-a-pedradas-el-domicilio-de-precandidata-a-intendenta-en-fme","status":"publish","type":"post","link":"https:\/\/diariorepublica.com.ar\/web\/index.php\/politica\/2023\/07\/04\/atacaron-a-pedradas-el-domicilio-de-precandidata-a-intendenta-en-fme\/","title":{"rendered":"Atacaron a pedradas el domicilio de precandidata a intendenta en FME"},"content":{"rendered":"<p>La diputada provincial y precandidata a intendenta de Fray Mamerto Esqui\u00fa por \u201cUni\u00f3n por la Patria\u201d, Ver\u00f3nica Mercado, denunci\u00f3 en la Unidad Judicial N\u00ba 11 que desconocidos atacaron a pedradas su domicilio, ubicado en la localidad de La Falda<\/p>\n<p>La situaci\u00f3n fue denunciada por la propia legisladora, que adem\u00e1s declar\u00f3 que lo sucedido podr\u00eda estar vinculado a la pol\u00edtica. \u201cFue a eso de las 22 horas, nuestro domicilio particular en La Falda de Los Maza, en La Tercena, vivimos un episodio muy preocupante, un ruido que nos llam\u00f3 la atenci\u00f3n, porque es una zona que no se frecuenta, sobre todo un domingo a esa hora no tiene mucho tr\u00e1nsito vehicular. Es una zona rural alejada del radio urbano, as\u00ed que cualquier ruido de veh\u00edculo nos llama la atenci\u00f3n. Escuchamos como si se hubiese detenido una motocicleta, aguardamos pensando en que probablemente ven\u00edan a golpear las manos, pero la moto no detuvo el motor, no golpearon las manos y seguidamente sentimos el ruido del impacto hacia los portones de la casa, ruidos violentos, estruendosos; fuimos atacados a pedradas. Cuando nos dimos cuenta, salimos, abrimos los portones y vimos que raudamente una motocicleta con dos individuos que no logramos identificar huyeron a toda velocidad\u201d<\/p>\n","protected":false},"excerpt":{"rendered":"<p>La diputada provincial y precandidata a intendenta de Fray Mamerto Esqui\u00fa por \u201cUni\u00f3n por la Patria\u201d, Ver\u00f3nica Mercado, denunci\u00f3 en<\/p>\n","protected":false},"author":2,"featured_media":4665,"comment_status":"closed","ping_status":"closed","sticky":false,"template":"","format":"standard","meta":{"footnotes":"","jetpack_publicize_message":"","jetpack_publicize_feature_enabled":true,"jetpack_social_post_already_shared":false,"jetpack_social_options":{"image_generator_settings":{"template":"highway","enabled":false},"version":2}},"categories":[12],"tags":[],"class_list":["post-4664","post","type-post","status-publish","format-standard","has-post-thumbnail","hentry","category-politica"],"jetpack_publicize_connections":[],"_links":{"self":[{"href":"https:\/\/diariorepublica.com.ar\/web\/index.php\/wp-json\/wp\/v2\/posts\/4664"}],"collection":[{"href":"https:\/\/diariorepublica.com.ar\/web\/index.php\/wp-json\/wp\/v2\/posts"}],"about":[{"href":"https:\/\/diariorepublica.com.ar\/web\/index.php\/wp-json\/wp\/v2\/types\/post"}],"author":[{"embeddable":true,"href":"https:\/\/diariorepublica.com.ar\/web\/index.php\/wp-json\/wp\/v2\/users\/2"}],"replies":[{"embeddable":true,"href":"https:\/\/diariorepublica.com.ar\/web\/index.php\/wp-json\/wp\/v2\/comments?post=4664"}],"version-history":[{"count":1,"href":"https:\/\/diariorepublica.com.ar\/web\/index.php\/wp-json\/wp\/v2\/posts\/4664\/revisions"}],"predecessor-version":[{"id":4666,"href":"https:\/\/diariorepublica.com.ar\/web\/index.php\/wp-json\/wp\/v2\/posts\/4664\/revisions\/4666"}],"wp:featuredmedia":[{"embeddable":true,"href":"https:\/\/diariorepublica.com.ar\/web\/index.php\/wp-json\/wp\/v2\/media\/4665"}],"wp:attachment":[{"href":"https:\/\/diariorepublica.com.ar\/web\/index.php\/wp-json\/wp\/v2\/media?parent=4664"}],"wp:term":[{"taxonomy":"category","embeddable":true,"href":"https:\/\/diariorepublica.com.ar\/web\/index.php\/wp-json\/wp\/v2\/categories?post=4664"},{"taxonomy":"post_tag","embeddable":true,"href":"https:\/\/diariorepublica.com.ar\/web\/index.php\/wp-json\/wp\/v2\/tags?post=4664"}],"curies":[{"name":"wp","href":"https:\/\/api.w.org\/{rel}","templated":true}]}}