{"id":4677,"date":"2023-07-04T10:06:50","date_gmt":"2023-07-04T13:06:50","guid":{"rendered":"https:\/\/diariorepublica.com.ar\/web\/?p=4677"},"modified":"2023-07-04T10:06:52","modified_gmt":"2023-07-04T13:06:52","slug":"esperamos-poder-alcanzar-el-consenso","status":"publish","type":"post","link":"https:\/\/diariorepublica.com.ar\/web\/index.php\/politica\/2023\/07\/04\/esperamos-poder-alcanzar-el-consenso\/","title":{"rendered":"\u00abEsperamos poder alcanzar el consenso\u00bb"},"content":{"rendered":"<p>En la jornada de hoy est\u00e1 prevista una nueva reuni\u00f3n entre la Intersindical Docente y las autoridades de Educaci\u00f3n, Hacienda y Trabajo en el marco de una nueva reuni\u00f3n paritaria y con el af\u00e1n de poder alcanzar los consensos necesarios<\/p>\n<p>Recordemos que la Intersindical desde prinicipio de junio viene solicitando una recomposici\u00f3n salarial y ahora, tras quince largos d\u00edas de paritaria, habr\u00eda una posible definici\u00f3n.<\/p>\n<p>En palabras de la ministra de Educaci\u00f3n, lo que se ofrecer\u00e1 este martes es\u201cpara irnos tranquilos a las vacaciones de julio\u201d. Y agreg\u00f3:\u00a0\u00abesperamos llegar a un consenso\u00a0y poder seguir trabajando en los temas que est\u00e1n en comisi\u00f3n, como lo venimos haciendo durante todo el a\u00f1o.<\/p>\n","protected":false},"excerpt":{"rendered":"<p>En la jornada de hoy est\u00e1 prevista una nueva reuni\u00f3n entre la Intersindical Docente y las autoridades de Educaci\u00f3n, Hacienda<\/p>\n","protected":false},"author":2,"featured_media":4678,"comment_status":"closed","ping_status":"closed","sticky":false,"template":"","format":"standard","meta":{"footnotes":"","jetpack_publicize_message":"","jetpack_publicize_feature_enabled":true,"jetpack_social_post_already_shared":false,"jetpack_social_options":{"image_generator_settings":{"template":"highway","enabled":false},"version":2}},"categories":[12],"tags":[],"class_list":["post-4677","post","type-post","status-publish","format-standard","has-post-thumbnail","hentry","category-politica"],"jetpack_publicize_connections":[],"_links":{"self":[{"href":"https:\/\/diariorepublica.com.ar\/web\/index.php\/wp-json\/wp\/v2\/posts\/4677"}],"collection":[{"href":"https:\/\/diariorepublica.com.ar\/web\/index.php\/wp-json\/wp\/v2\/posts"}],"about":[{"href":"https:\/\/diariorepublica.com.ar\/web\/index.php\/wp-json\/wp\/v2\/types\/post"}],"author":[{"embeddable":true,"href":"https:\/\/diariorepublica.com.ar\/web\/index.php\/wp-json\/wp\/v2\/users\/2"}],"replies":[{"embeddable":true,"href":"https:\/\/diariorepublica.com.ar\/web\/index.php\/wp-json\/wp\/v2\/comments?post=4677"}],"version-history":[{"count":1,"href":"https:\/\/diariorepublica.com.ar\/web\/index.php\/wp-json\/wp\/v2\/posts\/4677\/revisions"}],"predecessor-version":[{"id":4679,"href":"https:\/\/diariorepublica.com.ar\/web\/index.php\/wp-json\/wp\/v2\/posts\/4677\/revisions\/4679"}],"wp:featuredmedia":[{"embeddable":true,"href":"https:\/\/diariorepublica.com.ar\/web\/index.php\/wp-json\/wp\/v2\/media\/4678"}],"wp:attachment":[{"href":"https:\/\/diariorepublica.com.ar\/web\/index.php\/wp-json\/wp\/v2\/media?parent=4677"}],"wp:term":[{"taxonomy":"category","embeddable":true,"href":"https:\/\/diariorepublica.com.ar\/web\/index.php\/wp-json\/wp\/v2\/categories?post=4677"},{"taxonomy":"post_tag","embeddable":true,"href":"https:\/\/diariorepublica.com.ar\/web\/index.php\/wp-json\/wp\/v2\/tags?post=4677"}],"curies":[{"name":"wp","href":"https:\/\/api.w.org\/{rel}","templated":true}]}}