{"id":4723,"date":"2023-07-05T08:12:32","date_gmt":"2023-07-05T11:12:32","guid":{"rendered":"https:\/\/diariorepublica.com.ar\/web\/?p=4723"},"modified":"2023-07-05T08:12:32","modified_gmt":"2023-07-05T11:12:32","slug":"massa-rossi-y-wado-de-pedro-se-reunen-con-gobernadores-del-pj-para-definir-la-mesa-electoral-nacional","status":"publish","type":"post","link":"https:\/\/diariorepublica.com.ar\/web\/index.php\/politica\/2023\/07\/05\/massa-rossi-y-wado-de-pedro-se-reunen-con-gobernadores-del-pj-para-definir-la-mesa-electoral-nacional\/","title":{"rendered":"Massa, Rossi y Wado De Pedro se re\u00fanen con gobernadores del PJ para definir la mesa electoral nacional"},"content":{"rendered":"<p>En medio de duros cruces entre dirigentes del albertismo como el ministro de Seguridad, An\u00edbal Fern\u00e1ndez, con La C\u00e1mpora, de M\u00e1ximo Kirchner, la f\u00f3rmula presidencial oficialista encabezada por\u00a0<strong>Sergio Massa, Agust\u00edn Rossi\u00a0<\/strong>y el ministro del Interior y precandidato a senador,\u00a0<strong>Wado De Pedro<\/strong>,\u00a0intentar\u00e1n ordenar las PASO de Uni\u00f3n por la Patria,\u00a0en una reuni\u00f3n con\u00a0<strong>gobernadores del PJ\u00a0<\/strong>este mi\u00e9rcoles al mediod\u00eda en el CFI.<\/p>\n<article class=\"article-body\">\n<div class=\"article-content\">\n<div class=\"news-body-paragraph\" data-twitter-link=\"\">\n<p>El encuentro fue confirmado por fuentes cercanas a De Pedro, y del mismo -seg\u00fan pudo saber A24.com- saldr\u00edan definiciones acerca de la\u00a0<strong>mesa pol\u00edtica<\/strong>\u00a0que definir\u00e1 y coordinar\u00e1 todos los equipos de campa\u00f1a y la estrategia electoral del oficialismo de cara a las\u00a0<strong>PASO 2023.<\/strong><\/p>\n<\/div>\n<\/div>\n<\/article>\n<article class=\"article-body third-p\">\n<div class=\"article-content\">\n<div class=\"news-body-paragraph\" data-twitter-link=\"\">\n<p>El ministro del Interior<strong>, Wado de Pedro,<\/strong>\u00a0participar\u00e1 ma\u00f1ana desde la 13 de un encuentro de gobernadores en la sede del Consejo Federal de Inversiones (CFI), junto al ministro de Econom\u00eda,\u00a0<strong>Sergio Massa<\/strong>, y el Jefe de Gabinete,\u00a0<strong>Agust\u00edn Rossi,<\/strong>\u00a0se\u00f1alaron en un comunicado oficial.<\/p>\n<p>Durante el encuentro, los funcionarios nacionales y los mandatarios provinciales \u00ab<strong>analizar\u00e1n temas de inter\u00e9s de com\u00fan y tambi\u00e9n sobre el inminente proceso electoral que tendr\u00e1 su primer turno electoral el 13 de agosto<\/strong>\u00ab.<\/p>\n<p>Al encuentro se sumar\u00e1 el jefe de Gabinete y precandidato a vicepresidente,\u00a0<strong>Agust\u00edn Rossi<\/strong>, quien tambi\u00e9n forma arate de las negociaciones entre albertismo, massismo y kirchnerismo para cerrar la estrategia electoral conjunta a nivel nacional. Entre los que se mencionan como posible jefe de campa\u00f1a se mencionaba al vicejefe de Gabinete,\u00a0<strong>Juan Manuel Olmos<\/strong>.<\/p>\n<p>La\u00a0Liga de Gobernadores del PJ\u00a0fue justamente la que apoy\u00f3 el pasado 24 de junio, sobre el\u00a0<strong>convulsionado cierre de listas<\/strong>\u00a0de la oficialista Uni\u00f3n por la Patria, acordar una lista de unidad, que oblig\u00f3 a bajar a los dos precandidatos del albertismo, Daniel Scioli y Agust\u00edn Rossi y a la f\u00f3rmula que hab\u00eda avalado Cristina Kirchner con Wado De Pedro y Juan Manzur a la cabeza.<\/p>\n<p>Ahora, una vez zanjadas las diferencias,\u00a0<strong>Massa pidi\u00f3 hacer campa\u00f1a sobre la f\u00f3rmula de unidad con todo el peronismo alineado para apostar a un triunfo del oficialismo en las pr\u00f3ximas elecciones,<\/strong>\u00a0pese a la grave crisis econ\u00f3mica que lo tiene como centro de la gesti\u00f3n de Gobierno.<\/p>\n<p>En ese marco, ya incorpor\u00f3 a sus equipos de campa\u00f1a a dos exministros que resultaron heridos por el cierre de listas: el exprecandidato presidencial, Daniel Scioli que se vio obligado a bajarse de la candidatura, y al exministro de Agricultura,\u00a0<strong>Juli\u00e1n Dom\u00ednguez,<\/strong>\u00a0un colaborador muy cercano a Wado De Pedro, otro de los presidenciables que se baj\u00f3 para forjar la f\u00f3rmula de unidad y ahora es precandidato a senador por el kirchnerismo bonaerense.<\/p>\n<div id=\"1220204-Libre-964396300_wrap\" class=\"embed_cont type_imagen\" contenteditable=\"false\"><\/div>\n<\/div>\n<\/div>\n<\/article>\n","protected":false},"excerpt":{"rendered":"<p>En medio de duros cruces entre dirigentes del albertismo como el ministro de Seguridad, An\u00edbal Fern\u00e1ndez, con La C\u00e1mpora, de<\/p>\n","protected":false},"author":1,"featured_media":4724,"comment_status":"closed","ping_status":"closed","sticky":false,"template":"","format":"standard","meta":{"footnotes":"","jetpack_publicize_message":"","jetpack_publicize_feature_enabled":true,"jetpack_social_post_already_shared":false,"jetpack_social_options":{"image_generator_settings":{"template":"highway","enabled":false},"version":2}},"categories":[12],"tags":[],"class_list":["post-4723","post","type-post","status-publish","format-standard","has-post-thumbnail","hentry","category-politica"],"jetpack_publicize_connections":[],"_links":{"self":[{"href":"https:\/\/diariorepublica.com.ar\/web\/index.php\/wp-json\/wp\/v2\/posts\/4723"}],"collection":[{"href":"https:\/\/diariorepublica.com.ar\/web\/index.php\/wp-json\/wp\/v2\/posts"}],"about":[{"href":"https:\/\/diariorepublica.com.ar\/web\/index.php\/wp-json\/wp\/v2\/types\/post"}],"author":[{"embeddable":true,"href":"https:\/\/diariorepublica.com.ar\/web\/index.php\/wp-json\/wp\/v2\/users\/1"}],"replies":[{"embeddable":true,"href":"https:\/\/diariorepublica.com.ar\/web\/index.php\/wp-json\/wp\/v2\/comments?post=4723"}],"version-history":[{"count":1,"href":"https:\/\/diariorepublica.com.ar\/web\/index.php\/wp-json\/wp\/v2\/posts\/4723\/revisions"}],"predecessor-version":[{"id":4725,"href":"https:\/\/diariorepublica.com.ar\/web\/index.php\/wp-json\/wp\/v2\/posts\/4723\/revisions\/4725"}],"wp:featuredmedia":[{"embeddable":true,"href":"https:\/\/diariorepublica.com.ar\/web\/index.php\/wp-json\/wp\/v2\/media\/4724"}],"wp:attachment":[{"href":"https:\/\/diariorepublica.com.ar\/web\/index.php\/wp-json\/wp\/v2\/media?parent=4723"}],"wp:term":[{"taxonomy":"category","embeddable":true,"href":"https:\/\/diariorepublica.com.ar\/web\/index.php\/wp-json\/wp\/v2\/categories?post=4723"},{"taxonomy":"post_tag","embeddable":true,"href":"https:\/\/diariorepublica.com.ar\/web\/index.php\/wp-json\/wp\/v2\/tags?post=4723"}],"curies":[{"name":"wp","href":"https:\/\/api.w.org\/{rel}","templated":true}]}}