{"id":4741,"date":"2023-07-05T08:48:37","date_gmt":"2023-07-05T11:48:37","guid":{"rendered":"https:\/\/diariorepublica.com.ar\/web\/?p=4741"},"modified":"2023-07-05T08:48:38","modified_gmt":"2023-07-05T11:48:38","slug":"la-camara-de-diputados-otorgara-un-bono-de-100-000-para-empleados-con-30-anos-de-servicio","status":"publish","type":"post","link":"https:\/\/diariorepublica.com.ar\/web\/index.php\/politica\/2023\/07\/05\/la-camara-de-diputados-otorgara-un-bono-de-100-000-para-empleados-con-30-anos-de-servicio\/","title":{"rendered":"La C\u00e1mara de Diputados otorgar\u00e1 un bono de $100.000 para empleados con 30 a\u00f1os de servicio"},"content":{"rendered":"<p>La presidenta de la C\u00e1mara de Diputados, Cecilia Guerrero, junto a un grupo de sus pares, se reuni\u00f3 ayer con los agentes de la c\u00e1mara baja para celebrar el D\u00eda del Trabajador Legislativo, que se conmemora cada 6 de julio. Durante el encuentro, la presidenta anunci\u00f3 una serie de medidas en reconocimiento al servicio de los trabajadores y trabajadoras de la instituci\u00f3n parlamentaria, entre ellos, que a las y los agentes que cumplen 30 a\u00f1os de antig\u00fcedad hasta el 31 de diciembre \u201cse les otorgar\u00e1 una compensaci\u00f3n extraordinaria no remunerativa, por \u00fanica vez, de $100.000\u201d.<\/p>\n<p>Adem\u00e1s, Guerrero inform\u00f3 sobre la renovaci\u00f3n del convenio con ECA. Tambi\u00e9n anunci\u00f3 una recategorizaci\u00f3n autom\u00e1tica para agentes a los que le falten diez a\u00f1os de servicio para acceder al beneficio jubilatorio. \u201cA partir de ahora, pasar\u00e1n autom\u00e1ticamente a la categor\u00eda 24, lo cual les permitir\u00e1, al momento de iniciar el tr\u00e1mite previsional, que la liquidaci\u00f3n por parte de Anses se realice sobre el haber de dicha categor\u00eda\u201d<\/p>\n","protected":false},"excerpt":{"rendered":"<p>La presidenta de la C\u00e1mara de Diputados, Cecilia Guerrero, junto a un grupo de sus pares, se reuni\u00f3 ayer con<\/p>\n","protected":false},"author":2,"featured_media":4742,"comment_status":"closed","ping_status":"closed","sticky":false,"template":"","format":"standard","meta":{"footnotes":"","jetpack_publicize_message":"","jetpack_publicize_feature_enabled":true,"jetpack_social_post_already_shared":false,"jetpack_social_options":{"image_generator_settings":{"template":"highway","enabled":false},"version":2}},"categories":[12],"tags":[],"class_list":["post-4741","post","type-post","status-publish","format-standard","has-post-thumbnail","hentry","category-politica"],"jetpack_publicize_connections":[],"_links":{"self":[{"href":"https:\/\/diariorepublica.com.ar\/web\/index.php\/wp-json\/wp\/v2\/posts\/4741"}],"collection":[{"href":"https:\/\/diariorepublica.com.ar\/web\/index.php\/wp-json\/wp\/v2\/posts"}],"about":[{"href":"https:\/\/diariorepublica.com.ar\/web\/index.php\/wp-json\/wp\/v2\/types\/post"}],"author":[{"embeddable":true,"href":"https:\/\/diariorepublica.com.ar\/web\/index.php\/wp-json\/wp\/v2\/users\/2"}],"replies":[{"embeddable":true,"href":"https:\/\/diariorepublica.com.ar\/web\/index.php\/wp-json\/wp\/v2\/comments?post=4741"}],"version-history":[{"count":1,"href":"https:\/\/diariorepublica.com.ar\/web\/index.php\/wp-json\/wp\/v2\/posts\/4741\/revisions"}],"predecessor-version":[{"id":4743,"href":"https:\/\/diariorepublica.com.ar\/web\/index.php\/wp-json\/wp\/v2\/posts\/4741\/revisions\/4743"}],"wp:featuredmedia":[{"embeddable":true,"href":"https:\/\/diariorepublica.com.ar\/web\/index.php\/wp-json\/wp\/v2\/media\/4742"}],"wp:attachment":[{"href":"https:\/\/diariorepublica.com.ar\/web\/index.php\/wp-json\/wp\/v2\/media?parent=4741"}],"wp:term":[{"taxonomy":"category","embeddable":true,"href":"https:\/\/diariorepublica.com.ar\/web\/index.php\/wp-json\/wp\/v2\/categories?post=4741"},{"taxonomy":"post_tag","embeddable":true,"href":"https:\/\/diariorepublica.com.ar\/web\/index.php\/wp-json\/wp\/v2\/tags?post=4741"}],"curies":[{"name":"wp","href":"https:\/\/api.w.org\/{rel}","templated":true}]}}