{"id":475,"date":"2023-03-27T19:52:00","date_gmt":"2023-03-27T22:52:00","guid":{"rendered":"https:\/\/diariorepublica.com.ar\/web\/?p=475"},"modified":"2023-03-27T18:54:02","modified_gmt":"2023-03-27T21:54:02","slug":"guerra-en-ucrania-la-onu-advierte-que-los-riesgos-nucleares-son-alarmantemente-altos","status":"publish","type":"post","link":"https:\/\/diariorepublica.com.ar\/web\/index.php\/internacionales\/2023\/03\/27\/guerra-en-ucrania-la-onu-advierte-que-los-riesgos-nucleares-son-alarmantemente-altos\/","title":{"rendered":"Guerra en Ucrania:\u00a0la ONU advierte que los \u00abriesgos nucleares son alarmantemente altos\u00bb"},"content":{"rendered":"<p>La\u00a0<strong>ONU<\/strong>\u00a0advirti\u00f3 este lunes que en estos momentos los \u00abriesgos nucleares\u00a0son alarmantemente altos\u00bb y\u00a0<strong>pidi\u00f3 a todos los pa\u00edses evitar cualquier acci\u00f3n que pueda llevar a un error de c\u00e1lculo o a una escalada de la tensi\u00f3n.<\/strong><\/p>\n<p>La organizaci\u00f3n respondi\u00f3 as\u00ed a preguntas sobre el acuerdo anunciado este s\u00e1bado por el presidente ruso,\u00a0<strong>Vlad\u00edmir Putin<\/strong>, para el despliegue de armas nucleares t\u00e1cticas en Bielorrusia, algo que ha sido muy criticado por Occidente.<\/p>\n<p>\u00abObviamente\u00a0<strong>estamos preocupados por el estado general de las tensiones sobre armas nucleares<\/strong>\u00a0que hemos visto recientemente\u00bb, dijo el portavoz St\u00e9phane Dujarric, que record\u00f3 que todos los Estados -tanto las potencias at\u00f3micas como el resto- deben cumplir con sus obligaciones bajo el Tratado de No Proliferaci\u00f3n Nuclear.<\/p>\n<p>Dujarric apunt\u00f3 que \u00abtodas las acciones que puedan llevar a un error de c\u00e1lculo o a una escalada con consecuencias catastr\u00f3ficas deben evitarse\u00bb.<\/p>\n<h2><strong>\u00abArmamento nuclear t\u00e1ctico\u00bb<\/strong><\/h2>\n<p>Este s\u00e1bado,\u00a0<strong>Putin asegur\u00f3 que la decisi\u00f3n de desplegar armamento nuclear t\u00e1ctico en el pa\u00eds vecino no tiene nada de extraordinario<\/strong>, pues Estados Unidos lleva d\u00e9cadas haci\u00e9ndolo en pa\u00edses de la OTAN.<\/p>\n<p>El presidente ruso subray\u00f3 que el acuerdo con Bielorrusia no viola las obligaciones de Rusia sobre no la proliferaci\u00f3n nuclear y adelant\u00f3 que el 3 de abril comenzar\u00e1 la instrucci\u00f3n de los militares bielorrusos y\u00a0<strong>el 1 de julio habr\u00e1 concluido la construcci\u00f3n de un silo para emplazar dicho armamento en el pa\u00eds.<\/strong><\/p>\n<p>En respuesta al anuncio de Putin,<strong>\u00a0Ucrania solicit\u00f3 una reuni\u00f3n urgente del Consejo de Seguridad de la ONU,<\/strong>\u00a0que a priori se celebrar\u00e1 en los pr\u00f3ximos d\u00edas.<\/p>\n<p>A esta hora, la cita no se hab\u00eda introducido oficialmente en la agenda del \u00f3rgano pero, seg\u00fan fuentes diplom\u00e1ticas, lo m\u00e1s probable es que tenga lugar el martes o el mi\u00e9rcoles.<\/p>\n","protected":false},"excerpt":{"rendered":"<p>La\u00a0ONU\u00a0advirti\u00f3 este lunes que en estos momentos los \u00abriesgos nucleares\u00a0son alarmantemente altos\u00bb y\u00a0pidi\u00f3 a todos los pa\u00edses evitar cualquier acci\u00f3n<\/p>\n","protected":false},"author":1,"featured_media":476,"comment_status":"closed","ping_status":"closed","sticky":false,"template":"","format":"standard","meta":{"footnotes":"","jetpack_publicize_message":"","jetpack_publicize_feature_enabled":true,"jetpack_social_post_already_shared":false,"jetpack_social_options":{"image_generator_settings":{"template":"highway","enabled":false},"version":2}},"categories":[6],"tags":[],"class_list":["post-475","post","type-post","status-publish","format-standard","has-post-thumbnail","hentry","category-internacionales"],"jetpack_publicize_connections":[],"_links":{"self":[{"href":"https:\/\/diariorepublica.com.ar\/web\/index.php\/wp-json\/wp\/v2\/posts\/475"}],"collection":[{"href":"https:\/\/diariorepublica.com.ar\/web\/index.php\/wp-json\/wp\/v2\/posts"}],"about":[{"href":"https:\/\/diariorepublica.com.ar\/web\/index.php\/wp-json\/wp\/v2\/types\/post"}],"author":[{"embeddable":true,"href":"https:\/\/diariorepublica.com.ar\/web\/index.php\/wp-json\/wp\/v2\/users\/1"}],"replies":[{"embeddable":true,"href":"https:\/\/diariorepublica.com.ar\/web\/index.php\/wp-json\/wp\/v2\/comments?post=475"}],"version-history":[{"count":1,"href":"https:\/\/diariorepublica.com.ar\/web\/index.php\/wp-json\/wp\/v2\/posts\/475\/revisions"}],"predecessor-version":[{"id":477,"href":"https:\/\/diariorepublica.com.ar\/web\/index.php\/wp-json\/wp\/v2\/posts\/475\/revisions\/477"}],"wp:featuredmedia":[{"embeddable":true,"href":"https:\/\/diariorepublica.com.ar\/web\/index.php\/wp-json\/wp\/v2\/media\/476"}],"wp:attachment":[{"href":"https:\/\/diariorepublica.com.ar\/web\/index.php\/wp-json\/wp\/v2\/media?parent=475"}],"wp:term":[{"taxonomy":"category","embeddable":true,"href":"https:\/\/diariorepublica.com.ar\/web\/index.php\/wp-json\/wp\/v2\/categories?post=475"},{"taxonomy":"post_tag","embeddable":true,"href":"https:\/\/diariorepublica.com.ar\/web\/index.php\/wp-json\/wp\/v2\/tags?post=475"}],"curies":[{"name":"wp","href":"https:\/\/api.w.org\/{rel}","templated":true}]}}