{"id":4760,"date":"2023-07-05T17:36:00","date_gmt":"2023-07-05T20:36:00","guid":{"rendered":"https:\/\/diariorepublica.com.ar\/web\/?p=4760"},"modified":"2023-07-05T17:36:01","modified_gmt":"2023-07-05T20:36:01","slug":"el-gobierno-llego-a-un-nuevo-acuerdo-salarial-con-los-docentes-de-la-provincia","status":"publish","type":"post","link":"https:\/\/diariorepublica.com.ar\/web\/index.php\/sociedad\/2023\/07\/05\/el-gobierno-llego-a-un-nuevo-acuerdo-salarial-con-los-docentes-de-la-provincia\/","title":{"rendered":"El Gobierno lleg\u00f3 a un nuevo acuerdo salarial con los docentes de la Provincia"},"content":{"rendered":"<p>Durante la ma\u00f1ana de hoy, se reuni\u00f3 la ministra de Trabajo, Planificaci\u00f3n y Recursos Humanos, Ver\u00f3nica Soria, con la ministra de Educaci\u00f3n, Andrea Centuri\u00f3n, y los representantes de la Intersindical Docente para avanzar en un nuevo acuerdo de incremento salarial.<\/p>\n<p>Tras un cuarto intermedio acordado el d\u00eda de ayer, los representantes de las asociaciones sindicales docentes consultaron a sus afiliados y hoy los gremios de ATECa, SIDCa y SADOP aceptaron la propuesta de incremento del Gobierno Provincial.<\/p>\n<p>La propuesta aceptada por la mayor\u00eda de los gremios es un aumento del punto \u00edndice del 14,4% en julio y del 12,5% en agosto, tomando como base el valor del punto \u00edndice en febrero de 2023. De esta manera, el valor del punto \u00edndice ser\u00eda de $379,89 para julio y $410,64 para agosto, y el adicional por funci\u00f3n jer\u00e1rquica se incrementar\u00eda en el mismo porcentaje.<\/p>\n<p>Es importante recordar que hace unos d\u00edas se decidi\u00f3 garantizar el Salario M\u00ednimo Docente seg\u00fan lo establecido en la paritaria nacional, a lo que se suma el bono especial de 20.000 pesos anunciado en mayo por el gobernador Ra\u00fal Jalil. Esto significa que ning\u00fan docente percibir\u00e1 menos de $185.000 de sueldo en julio.<\/p>\n<p>En este sentido, la ministra Soria expres\u00f3: \u00abComo lo venimos haciendo en las negociaciones paritarias, hemos podido avanzar en consenso con la mayor\u00eda de los sindicatos que acercan propuestas serias a la mesa de di\u00e1logo\u00bb. Adem\u00e1s, destac\u00f3: \u00abCon este nuevo aumento para el sector docente, el punto \u00edndice experimentar\u00e1 un aumento del 154% en comparaci\u00f3n con agosto del a\u00f1o pasado, y el incremento acumulado hasta agosto ser\u00e1 de 79% en lo que va del 2023\u00bb.<\/p>\n<p>Por \u00faltimo, los presentes acordaron tener un pr\u00f3ximo encuentro despu\u00e9s de la reuni\u00f3n de la comisi\u00f3n\u00a0de seguimiento y revisi\u00f3n en la paritaria nacional en agosto.<\/p>\n<p>En representaci\u00f3n de la Intersindical Docente participaron representantes de SIDCa, ATECa, SADOP, SUTECa y UDA.<\/p>\n","protected":false},"excerpt":{"rendered":"<p>Durante la ma\u00f1ana de hoy, se reuni\u00f3 la ministra de Trabajo, Planificaci\u00f3n y Recursos Humanos, Ver\u00f3nica Soria, con la ministra<\/p>\n","protected":false},"author":1,"featured_media":4761,"comment_status":"closed","ping_status":"closed","sticky":false,"template":"","format":"standard","meta":{"footnotes":"","jetpack_publicize_message":"","jetpack_publicize_feature_enabled":true,"jetpack_social_post_already_shared":false,"jetpack_social_options":{"image_generator_settings":{"template":"highway","enabled":false},"version":2}},"categories":[3],"tags":[],"class_list":["post-4760","post","type-post","status-publish","format-standard","has-post-thumbnail","hentry","category-sociedad"],"jetpack_publicize_connections":[],"_links":{"self":[{"href":"https:\/\/diariorepublica.com.ar\/web\/index.php\/wp-json\/wp\/v2\/posts\/4760"}],"collection":[{"href":"https:\/\/diariorepublica.com.ar\/web\/index.php\/wp-json\/wp\/v2\/posts"}],"about":[{"href":"https:\/\/diariorepublica.com.ar\/web\/index.php\/wp-json\/wp\/v2\/types\/post"}],"author":[{"embeddable":true,"href":"https:\/\/diariorepublica.com.ar\/web\/index.php\/wp-json\/wp\/v2\/users\/1"}],"replies":[{"embeddable":true,"href":"https:\/\/diariorepublica.com.ar\/web\/index.php\/wp-json\/wp\/v2\/comments?post=4760"}],"version-history":[{"count":1,"href":"https:\/\/diariorepublica.com.ar\/web\/index.php\/wp-json\/wp\/v2\/posts\/4760\/revisions"}],"predecessor-version":[{"id":4762,"href":"https:\/\/diariorepublica.com.ar\/web\/index.php\/wp-json\/wp\/v2\/posts\/4760\/revisions\/4762"}],"wp:featuredmedia":[{"embeddable":true,"href":"https:\/\/diariorepublica.com.ar\/web\/index.php\/wp-json\/wp\/v2\/media\/4761"}],"wp:attachment":[{"href":"https:\/\/diariorepublica.com.ar\/web\/index.php\/wp-json\/wp\/v2\/media?parent=4760"}],"wp:term":[{"taxonomy":"category","embeddable":true,"href":"https:\/\/diariorepublica.com.ar\/web\/index.php\/wp-json\/wp\/v2\/categories?post=4760"},{"taxonomy":"post_tag","embeddable":true,"href":"https:\/\/diariorepublica.com.ar\/web\/index.php\/wp-json\/wp\/v2\/tags?post=4760"}],"curies":[{"name":"wp","href":"https:\/\/api.w.org\/{rel}","templated":true}]}}