{"id":4766,"date":"2023-07-05T17:00:00","date_gmt":"2023-07-05T20:00:00","guid":{"rendered":"https:\/\/diariorepublica.com.ar\/web\/?p=4766"},"modified":"2023-07-05T17:54:33","modified_gmt":"2023-07-05T20:54:33","slug":"jey-mammon-volvio-a-la-tv-si-hay-una-victima-soy-yo","status":"publish","type":"post","link":"https:\/\/diariorepublica.com.ar\/web\/index.php\/espectaculos\/2023\/07\/05\/jey-mammon-volvio-a-la-tv-si-hay-una-victima-soy-yo\/","title":{"rendered":"Jey Mammon volvi\u00f3 a la TV: \u00abSi hay una v\u00edctima, soy yo\u00bb"},"content":{"rendered":"<article id=\"article-post\" class=\"first\">\n<div class=\"cuerpo\" data-twitter-link=\"https:\/\/twitter.com\/intent\/tweet?url=https:\/\/www.diariopopular.com.ar\/c726218&amp;via=poopulardiario&amp;related=Popular&amp;text=\">\n<p><strong>Jey Mammon<\/strong>\u00a0fue a Intrusos (Am\u00e9rica TV) a hablar por primera vez en vivo sobre la denuncia que le hizo\u00a0<strong>Lucas Benvenuto<\/strong>\u00a0por\u00a0<strong>abuso sexual<\/strong>\u00a0que prescribi\u00f3 porque se cumplieron los a\u00f1os que estipula la Justicia.<\/p>\n<\/div>\n<\/article>\n<article id=\"article-post\">\n<div class=\"cuerpo\" data-twitter-link=\"https:\/\/twitter.com\/intent\/tweet?url=https:\/\/www.diariopopular.com.ar\/c726218&amp;via=poopulardiario&amp;related=Popular&amp;text=\">\n<p>El conductor y m\u00fasico comenz\u00f3 la entrevista hablando sobre s\u00ed mismo:\u00a0<strong>\u201cEstoy bien. Soy yo el que te dijo \u2018me gustar\u00eda charla con vos al aire\u2019. La \u00faltima vez que pis\u00e9 un estudio de televisi\u00f3n fue cuando hice La Pe\u00f1a de Morfi. \u2018Con los chicos no, a la v\u00edctima siempre se le cree, al denunciante siempre se lo escucha\u2019. Estoy parado ah\u00ed\u201d<\/strong>.<\/p>\n<div id=\"embed40_wrap\" class=\"embed_cont type_freetext\" contenteditable=\"false\">\n<div id=\"embed40_content\" class=\"embed_content\">\n<div id=\"embed40_embed\">\n<div class=\"video_container\"><iframe loading=\"lazy\" class=\"video_iframe\" src=\"https:\/\/www.youtube.com\/embed\/fuzl0emdNyI\" width=\"100%\" height=\"360\" frameborder=\"0\" scrolling=\"no\" data-gtm-yt-inspected-12=\"true\" data-mce-fragment=\"1\"><\/iframe><\/div>\n<\/div>\n<\/div>\n<div id=\"embed40_epigrafe\" class=\"embed_epigrafe\"><\/div>\n<div id=\"embed40_copyright\" class=\"embed_copyright\"><\/div>\n<\/div>\n<p>Sobre su v\u00ednculo con Benvenuto, que denunci\u00f3 haber sido abusado sexualmente cuando era menor de edad, manifest\u00f3 que\u00a0<strong>\u201chay una historia de vida con esta persona. Cuando sale medi\u00e1ticamente el tema, no tuve reacci\u00f3n. No ten\u00eda manera de salir a hablar. Pon\u00edan mi imagen y mi foto con la historia de una red de pedofilia, de pederastas. Yo lo conozco, yo tuve una historia con \u00e9l y \u00e9l minti\u00f3. Lo conoc\u00ed cuando ten\u00eda 16 y no hubo ninguna violaci\u00f3n\u201d<\/strong>.<\/p>\n<p><strong>\u201cEstuve reconstruyendo toda la historia. Yo lo conoc\u00ed hace 15 a\u00f1os. Estar\u00eda bueno que cada uno piense d\u00f3nde estaba cada uno hace 15 a\u00f1os\u2026 Las cuentas no dan, empieza mintiendo con la edad. Lo conozco en una fiesta en abril de 2009, ese d\u00eda present\u00e9 oficialmente mi personaje de Estelita, era en un bar, hab\u00edan ido unas 80 personas. \u00c9l fue con otro pibe\u201d<\/strong>, comenz\u00f3 a relatar Jey.<\/p>\n<div id=\"embed98_wrap\" class=\"embed_cont type_freetext\" contenteditable=\"false\">\n<div id=\"embed98_content\" class=\"embed_content\">\n<div id=\"embed98_embed\">\n<div class=\"video_container\"><iframe loading=\"lazy\" class=\"video_iframe\" src=\"https:\/\/www.youtube.com\/embed\/n2nG5d18Svc\" width=\"100%\" height=\"360\" frameborder=\"0\" scrolling=\"no\" data-gtm-yt-inspected-12=\"true\" data-mce-fragment=\"1\"><\/iframe><\/div>\n<\/div>\n<\/div>\n<div id=\"embed98_epigrafe\" class=\"embed_epigrafe\"><\/div>\n<div id=\"embed98_copyright\" class=\"embed_copyright\"><\/div>\n<\/div>\n<p><strong>\u201cYo fui denunciado falsamente de una violaci\u00f3n a un nene de 14 a\u00f1os. \u00c9l para m\u00ed signific\u00f3 bastante. Casi enloquec\u00ed porque hubo un v\u00ednculo. V\u00ednculo es cuando est\u00e1s con una persona y no est\u00e1s todo el tiempo con esa persona, as\u00ed fue durante 7 a\u00f1os\u201d<\/strong>, asegur\u00f3.<\/p>\n<p>Sin embargo, durante los a\u00f1os en los que estuvieron vinculados nunca se habr\u00eda enterado de los abusos que sufri\u00f3 Lucas cuando era m\u00e1s chico y de las denuncias que gan\u00f3 en la Justicia:<strong>\u00a0\u201cNo sab\u00eda que hab\u00eda vivido todo eso. En alg\u00fan momento juzgu\u00e9 a toda la televisi\u00f3n. Viv\u00ed una especie de pandemia solo. En un momento dije \u2018no quiero demandarlo\u2019\u201d<\/strong>.<\/p>\n<p>Sobre Lucas, dijo que lo ve \u201cvulnerable\u201d:\u00a0<strong>\u201cYo veo una persona rota. Cuando presenta la denuncia en 2020 dice \u2018no tengo pruebas porque borr\u00e9 todas\u2019, \u2018yo s\u00e9 que esta causa prescribi\u00f3\u2019 y adem\u00e1s miente en la edad. Estamos hablando sobre la nada misma. Yo ahora voy a la Justicia con testigos, con audios. Mi discurso siempre fue el mismo. Ya pas\u00f3 el tiempo y pude digerir un mont\u00f3n de cosas. Hay que escuchar al denunciante, pero \u00bfhay algo m\u00e1s de lo que \u00e9l dice?\u201d<\/strong>.<\/p>\n<p><strong>\u201cYo no me escap\u00e9. Me doli\u00f3 much\u00edsimo todo lo que pas\u00f3. La pas\u00e9 y la estoy pasando este estado de cancelaci\u00f3n. Conmigo minti\u00f3 y yo tengo la vida destrozada. Yo no quiero que baje la espuma, quiero que quede claro lo que pas\u00f3 y lo que no pas\u00f3\u201d<\/strong>, remarc\u00f3.<\/p>\n<p>En otro pasaje de la entrevista habl\u00f3 de la demanda que inici\u00f3 hacia Lucas Benvenuto:\u00a0<strong>\u201cLa prescripci\u00f3n no me sirve. Me di cuenta que ten\u00eda los elementos para hacerlo. Ten\u00eda todo guardado en el tel\u00e9fono. Lucas represent\u00f3 algo importante para m\u00ed. Lo que le pas\u00f3 lo vi en la tele, nunca me lo cont\u00f3. La v\u00edctima habla cuando puede y ac\u00e1 me quiero parar, es un tema delicado\u00bb<\/strong>.<\/p>\n<p><strong>\u00abHay much\u00edsima gente que sufri\u00f3 abusos que se acerc\u00f3 a m\u00ed en este tiempo. Bienvenido sea si se instala el tema. Si hay una v\u00edctima, soy yo. Lucas es una v\u00edctima, pero no de m\u00ed. Si hubiese sabido, no me hace responsable de lo que haya vivido. Si hubiese sabido, no hubiese salido corriendo porque nos enganchamos. Hubiese acompa\u00f1ado a una persona rota\u201d<\/strong>, complet\u00f3.<\/p>\n<div id=\"embed35_wrap\" class=\"embed_cont type_freetext\" contenteditable=\"false\">\n<div id=\"embed35_content\" class=\"embed_content\">\n<div id=\"embed35_embed\">\n<div class=\"video_container\"><iframe loading=\"lazy\" class=\"video_iframe\" src=\"https:\/\/www.youtube.com\/embed\/xJqYhZd7-do\" width=\"100%\" height=\"360\" frameborder=\"0\" scrolling=\"no\" data-gtm-yt-inspected-12=\"true\" data-mce-fragment=\"1\"><\/iframe><\/div>\n<\/div>\n<\/div>\n<div id=\"embed35_epigrafe\" class=\"embed_epigrafe\"><\/div>\n<div id=\"embed35_copyright\" class=\"embed_copyright\"><\/div>\n<\/div>\n<p>Tras finalizar el mano a mano con Flor de la V, el panel comenz\u00f3 con sus preguntas y fue inevitable que escalara la tensi\u00f3n en el estudio. Tuvo un cruce con Pampito, al acusarlo de querer dar c\u00e1tedra a la televisi\u00f3n. Mientras que Laura Ubfal lo compar\u00f3 con Juan Darth\u00e9s y le dijo que le costaba creer que no sepa nada sobre la historia de Lucas Benvenuto:\u00a0<strong>\u201c\u00bfSi abrimos el juego al panel es para que me pregunten o para que me juzguen? No son un tema de fe, es irresponsable. Ahora s\u00ed estoy haciendo un juicio de valor del trabajo tuyo. Que me compares con Darth\u00e9s tambi\u00e9n me parece una falta de respeto. No es una v\u00edctima m\u00eda Lucas\u201d<\/strong>.<\/p>\n<div id=\"embed80_wrap\" class=\"embed_cont type_freetext\" contenteditable=\"false\">\n<div id=\"embed80_content\" class=\"embed_content\">\n<div id=\"embed80_embed\">\n<div class=\"video_container\"><iframe loading=\"lazy\" class=\"video_iframe\" src=\"https:\/\/www.youtube.com\/embed\/bdwzim2iNfw\" width=\"100%\" height=\"360\" frameborder=\"0\" scrolling=\"no\" data-gtm-yt-inspected-12=\"true\" data-mce-fragment=\"1\"><\/iframe><\/div>\n<\/div>\n<\/div>\n<div id=\"embed80_epigrafe\" class=\"embed_epigrafe\"><\/div>\n<div id=\"embed80_copyright\" class=\"embed_copyright\"><\/div>\n<\/div>\n<p><strong>\u201cNo puedo hacer un juicio por la verdad, lo tiene que pedir \u00e9l. \u00bfUstedes me juzgaron durante 3 meses y yo no los puedo juzgar por 2 minutos? Ojal\u00e1 nunca te pase que alguien venga y te diga \u2018Laura Ubfal me viol\u00f3 hace 20 a\u00f1os\u2019\u00bb<\/strong>, dijo.<\/p>\n<p><strong>\u00abYo lo primero que necesito es demostrar que esta denuncia es falsa. El debate moral es un tema pero yo lo primero que necesito es demostrar que miente. La demanda tiene una instancia de mediaci\u00f3n judicial, se ponen todas las pruebas sobre la mesa\u201d<\/strong>, agreg\u00f3 Mammon, quien respondi\u00f3 que hoy s\u00ed le \u201chace ruido\u201d una relaci\u00f3n entre un adolescente de 16 a\u00f1os y un hombre de 30.<\/p>\n<\/div>\n<\/article>\n","protected":false},"excerpt":{"rendered":"<p>Jey Mammon\u00a0fue a Intrusos (Am\u00e9rica TV) a hablar por primera vez en vivo sobre la denuncia que le hizo\u00a0Lucas Benvenuto\u00a0por\u00a0abuso<\/p>\n","protected":false},"author":1,"featured_media":4767,"comment_status":"closed","ping_status":"closed","sticky":false,"template":"","format":"standard","meta":{"footnotes":"","jetpack_publicize_message":"","jetpack_publicize_feature_enabled":true,"jetpack_social_post_already_shared":false,"jetpack_social_options":{"image_generator_settings":{"template":"highway","enabled":false},"version":2}},"categories":[7],"tags":[],"class_list":["post-4766","post","type-post","status-publish","format-standard","has-post-thumbnail","hentry","category-espectaculos"],"jetpack_publicize_connections":[],"_links":{"self":[{"href":"https:\/\/diariorepublica.com.ar\/web\/index.php\/wp-json\/wp\/v2\/posts\/4766"}],"collection":[{"href":"https:\/\/diariorepublica.com.ar\/web\/index.php\/wp-json\/wp\/v2\/posts"}],"about":[{"href":"https:\/\/diariorepublica.com.ar\/web\/index.php\/wp-json\/wp\/v2\/types\/post"}],"author":[{"embeddable":true,"href":"https:\/\/diariorepublica.com.ar\/web\/index.php\/wp-json\/wp\/v2\/users\/1"}],"replies":[{"embeddable":true,"href":"https:\/\/diariorepublica.com.ar\/web\/index.php\/wp-json\/wp\/v2\/comments?post=4766"}],"version-history":[{"count":1,"href":"https:\/\/diariorepublica.com.ar\/web\/index.php\/wp-json\/wp\/v2\/posts\/4766\/revisions"}],"predecessor-version":[{"id":4768,"href":"https:\/\/diariorepublica.com.ar\/web\/index.php\/wp-json\/wp\/v2\/posts\/4766\/revisions\/4768"}],"wp:featuredmedia":[{"embeddable":true,"href":"https:\/\/diariorepublica.com.ar\/web\/index.php\/wp-json\/wp\/v2\/media\/4767"}],"wp:attachment":[{"href":"https:\/\/diariorepublica.com.ar\/web\/index.php\/wp-json\/wp\/v2\/media?parent=4766"}],"wp:term":[{"taxonomy":"category","embeddable":true,"href":"https:\/\/diariorepublica.com.ar\/web\/index.php\/wp-json\/wp\/v2\/categories?post=4766"},{"taxonomy":"post_tag","embeddable":true,"href":"https:\/\/diariorepublica.com.ar\/web\/index.php\/wp-json\/wp\/v2\/tags?post=4766"}],"curies":[{"name":"wp","href":"https:\/\/api.w.org\/{rel}","templated":true}]}}