{"id":4781,"date":"2023-07-05T18:00:59","date_gmt":"2023-07-05T21:00:59","guid":{"rendered":"https:\/\/diariorepublica.com.ar\/web\/?p=4781"},"modified":"2023-07-05T18:01:00","modified_gmt":"2023-07-05T21:01:00","slug":"gobernadores-oficialistas-anunciaron-que-wado-de-pedro-sera-el-jefe-de-campana-de-uxp","status":"publish","type":"post","link":"https:\/\/diariorepublica.com.ar\/web\/index.php\/politica\/2023\/07\/05\/gobernadores-oficialistas-anunciaron-que-wado-de-pedro-sera-el-jefe-de-campana-de-uxp\/","title":{"rendered":"Gobernadores oficialistas anunciaron que \u00abWado\u00bb De Pedro ser\u00e1 el jefe de campa\u00f1a de UxP"},"content":{"rendered":"<article class=\"article-body article-body--first-paragraph content-protected-false\" data-td-script-src=\"https:\/\/www.ambito.com\/td\/modulos\/encuestas\/js\/function-embeds-min-version-1660312119.js\">El ministro de Econom\u00eda y precandidato presidencial por\u00a0<strong>Uni\u00f3n por la Patria\u00a0<\/strong>(UxP),\u00a0<strong>Sergio Massa<\/strong>; el jefe de Gabinete y precandidato a vicepresidente,\u00a0<strong>Agust\u00edn Rossi<\/strong>, y el ministro del Interior y postulante a senador nacional,\u00a0<strong>Eduardo &#8216;Wado&#8217; de Pedro<\/strong>, se reunieron con los gobernadores del oficialismo,\u00a0<strong>para analizar la campa\u00f1a electoral de cara a las primarias abiertas, simult\u00e1neas y obligatorias (PASO) del pr\u00f3ximo 13 de agosto.\u00a0<\/strong>En ese encuentro, anunciaron que el ministro del Interior ser\u00e1 el<strong>\u00a0jefe de la campa\u00f1a<\/strong>\u00a0y destacaron la f\u00f3rmula de unidad de Sergio Massa y Agust\u00edn Rossi para \u00abdefender una doctrina y un modelo de pa\u00eds\u00bb.<\/p>\n<\/article>\n<article class=\"article-body article-body--second-paragraph content-protected-false\">La cita fuel Consejo Federal de Inversiones (CFI), ubicado en San Mart\u00edn 871, en el microcentro porte\u00f1o. A la salida, el mandatario fueguino<strong>\u00a0Gustavo Melella<\/strong>\u00a0anunci\u00f3 que De Pedro ser\u00e1 el jefe de campa\u00f1a del oficialismo y se\u00f1al\u00f3 que<strong>\u00a0los gobernadores reafirman el objetivo de un pa\u00eds de \u00abesperanza\u00bb y no de \u00abajuste y represi\u00f3n\u00bb.<\/strong><\/p>\n<article class=\"article-body article-body--third-paragraph content-protected-false\">En ese sentido, el gobernador bonaerense<strong>, Axel Kicillof<\/strong>, afirm\u00f3 que los mandatarios peronistas llegaron a un acuerdo en cuanto a la necesidad de \u00abterminar con una mirada centralista excluyente de las realidades provinciales\u00bb. \u00abFue un intercambio donde\u00a0<strong>cada uno expres\u00f3 su posici\u00f3n y hubo un claro apoyo a la idea de que, ante situaciones muy dif\u00edciles, la respuesta es m\u00e1s derechos\u00bb<\/strong>, expres\u00f3 Kicillof.<\/p>\n<\/article>\n<article class=\"article-body article-body--fourth-paragraph content-protected-false\">En el encuentro, que estaba previsto para las 13 pero se demor\u00f3 por un acto del ministro de Econom\u00eda en Tigre, los gobernadores peronistas y de fuerzas aliadas dialogaron con los precandidatos de UxP sobre \u00abla metodolog\u00eda de la campa\u00f1a en las provincias\u00bb y la posibilidad de \u00abcontinuar con firmeza con la obra p\u00fablica\u00bb en esos distritos, dijeron desde la coalici\u00f3n oficialista.<\/p>\n<\/article>\n<article class=\"article-body article-body--remaining-paragraph content-protected-false\"><strong>\u00abVenimos a esta reuni\u00f3n con las mismas expectativas que tenemos siempre cuando nos reunimos con nuestros gobernadores, fundamentalmente para analizar la ejecuci\u00f3n de las pol\u00edticas p\u00fablicas del Gobierno nacional en cada una de las provincias\u00bb<\/strong>, dijo Rossi al ingresar al CFI.<\/p>\n<p><strong>\u00abLos gobernadores han tenido un rol m\u00e1s que importante en lo que fue el alumbramiento de esta f\u00f3rmula de s\u00edntesis con apoyo mayoritario de todo nuestro espacio pol\u00edtico\u00bb<\/strong>, destac\u00f3 Rossi.<\/p>\n<p>Entre los mandatarios presentes se encontraban: Axel Kicillof (Buenos Aires), Gustavo Melella (Tierra del Fuego), Mariano Arcioni (Chubut), Oscar Herrera Ahuad (Misiones), Ricardo Quintela (La Rioja) y Alicia Kirchner (Santa Cruz).<\/p>\n<p>Completaron la n\u00f3mina Juan Manzur (Tucum\u00e1n), Gildo Insfran (Formosa), Gerardo Zamora (Santiago), Ra\u00fal Jalil (Catamarca), Sergio Ziliotto (La Pampa), Gustavo Bordet (Entre R\u00edos) y la vicegobernadora de Chaco, Anal\u00eda Rach Quiroga, entre otros.<\/p>\n<p>Los gobernadores\u00a0se hab\u00edan reunido en ese mismo recinto el 7 de junio pasado, previo al cierre de listas, para reclamar una lista de unidad en el frente oficialista.<\/p>\n<\/article>\n<\/article>\n","protected":false},"excerpt":{"rendered":"<p>El ministro de Econom\u00eda y precandidato presidencial por\u00a0Uni\u00f3n por la Patria\u00a0(UxP),\u00a0Sergio Massa; el jefe de Gabinete y precandidato a vicepresidente,\u00a0Agust\u00edn<\/p>\n","protected":false},"author":1,"featured_media":4782,"comment_status":"closed","ping_status":"closed","sticky":false,"template":"","format":"standard","meta":{"footnotes":"","jetpack_publicize_message":"","jetpack_publicize_feature_enabled":true,"jetpack_social_post_already_shared":false,"jetpack_social_options":{"image_generator_settings":{"template":"highway","enabled":false},"version":2}},"categories":[12],"tags":[],"class_list":["post-4781","post","type-post","status-publish","format-standard","has-post-thumbnail","hentry","category-politica"],"jetpack_publicize_connections":[],"_links":{"self":[{"href":"https:\/\/diariorepublica.com.ar\/web\/index.php\/wp-json\/wp\/v2\/posts\/4781"}],"collection":[{"href":"https:\/\/diariorepublica.com.ar\/web\/index.php\/wp-json\/wp\/v2\/posts"}],"about":[{"href":"https:\/\/diariorepublica.com.ar\/web\/index.php\/wp-json\/wp\/v2\/types\/post"}],"author":[{"embeddable":true,"href":"https:\/\/diariorepublica.com.ar\/web\/index.php\/wp-json\/wp\/v2\/users\/1"}],"replies":[{"embeddable":true,"href":"https:\/\/diariorepublica.com.ar\/web\/index.php\/wp-json\/wp\/v2\/comments?post=4781"}],"version-history":[{"count":1,"href":"https:\/\/diariorepublica.com.ar\/web\/index.php\/wp-json\/wp\/v2\/posts\/4781\/revisions"}],"predecessor-version":[{"id":4783,"href":"https:\/\/diariorepublica.com.ar\/web\/index.php\/wp-json\/wp\/v2\/posts\/4781\/revisions\/4783"}],"wp:featuredmedia":[{"embeddable":true,"href":"https:\/\/diariorepublica.com.ar\/web\/index.php\/wp-json\/wp\/v2\/media\/4782"}],"wp:attachment":[{"href":"https:\/\/diariorepublica.com.ar\/web\/index.php\/wp-json\/wp\/v2\/media?parent=4781"}],"wp:term":[{"taxonomy":"category","embeddable":true,"href":"https:\/\/diariorepublica.com.ar\/web\/index.php\/wp-json\/wp\/v2\/categories?post=4781"},{"taxonomy":"post_tag","embeddable":true,"href":"https:\/\/diariorepublica.com.ar\/web\/index.php\/wp-json\/wp\/v2\/tags?post=4781"}],"curies":[{"name":"wp","href":"https:\/\/api.w.org\/{rel}","templated":true}]}}