{"id":4784,"date":"2023-07-05T17:01:00","date_gmt":"2023-07-05T20:01:00","guid":{"rendered":"https:\/\/diariorepublica.com.ar\/web\/?p=4784"},"modified":"2023-07-05T18:02:15","modified_gmt":"2023-07-05T21:02:15","slug":"francisco-recibio-a-bill-clinton-en-el-vaticano","status":"publish","type":"post","link":"https:\/\/diariorepublica.com.ar\/web\/index.php\/internacionales\/2023\/07\/05\/francisco-recibio-a-bill-clinton-en-el-vaticano\/","title":{"rendered":"Francisco recibi\u00f3 a Bill Clinton en el Vaticano"},"content":{"rendered":"<article class=\"article-body article-body--first-paragraph content-protected-false\" data-td-script-src=\"https:\/\/www.ambito.com\/td\/modulos\/encuestas\/js\/function-embeds-min-version-1660312092.js\">El\u00a0<strong>Papa Francisco<\/strong>\u00a0recibi\u00f3 este mi\u00e9rcoles al expresidente de\u00a0<strong>Estados Unidos<\/strong>,\u00a0<strong>Bill Clinton<\/strong>, en el\u00a0<strong>Vaticano<\/strong>, informaron fuentes vaticanas.<\/p>\n<\/article>\n<article class=\"article-body article-body--second-paragraph content-protected-false\">El pont\u00edfice y Clinton, quien gobern\u00f3\u00a0<strong>EEUU\u00a0<\/strong>en los per\u00edodos\u00a0<strong>1993-1997<\/strong>\u00a0y\u00a0<strong>1997-2001<\/strong>, se reunieron esta tarde en la residencia papal de<strong>\u00a0Casa Santa Marta<\/strong>, agregaron las fuentes.<\/p>\n<p>Clinton, de\u00a0<strong>76 a\u00f1os<\/strong>, se convierte as\u00ed en el\u00a0<strong>tercer pol\u00edtico dem\u00f3crata<\/strong>\u00a0que visita al\u00a0<strong>Papa\u00a0<\/strong>en las \u00faltimas semanas, luego del exsecretario de\u00a0<strong>Estado<\/strong>,\u00a0<strong>John Kerry<\/strong>, y del excandidato a alcalde de\u00a0<strong>Los \u00c1ngeles<\/strong>,\u00a0<strong>Rick Caruso<\/strong>.<\/p>\n<article class=\"article-body article-body--fourth-paragraph content-protected-false\">\n<h6>El Papa trabaja en un \u00abmecanismo\u00bb para devolver a los ni\u00f1os a Ucrania<\/h6>\n<p>El enviado de paz del\u00a0<strong>Papa Francisco<\/strong>\u00a0para\u00a0<strong>Ucrania<\/strong>, el cardenal\u00a0<strong>Matteo Zuppi<\/strong>, asegur\u00f3 el martes que est\u00e1 trabajando en un\u00a0<strong>\u00abmecanismo\u00bb<\/strong>\u00a0que podr\u00eda\u00a0<strong>garantizar el regreso de los ni\u00f1os<\/strong>\u00a0que, seg\u00fan\u00a0<strong>Kiev<\/strong>, fueron secuestrados por\u00a0<strong>Rusia<\/strong>.<\/p>\n<\/article>\n<article class=\"article-body article-body--remaining-paragraph content-protected-false\">\u00ab<strong>Veremos c\u00f3mo podemos poner en marcha el mecanismo<\/strong>\u00a0para los ni\u00f1os (y) ayudar, como hemos dicho en el frente humanitario, en particular a los ni\u00f1os que deben poder regresar a\u00a0<strong>Ucrania<\/strong>\u00ab, dijo Zuppi en la presentaci\u00f3n de un libro en Roma. Agreg\u00f3 que hab\u00eda tratado personalmente el tema con el\u00a0<strong>Santo Padre<\/strong>.<\/p>\n<p>El cardenal italiano visit\u00f3\u00a0<strong>Mosc\u00fa\u00a0<\/strong>la semana pasada, y anteriormente estuvo en la capital ucraniana. El\u00a0<strong>Vaticano\u00a0<\/strong>describi\u00f3 sus esfuerzos como<strong>\u00a0\u00abdirigidos a identificar iniciativas humanitarias, que podr\u00edan abrir caminos hacia la paz\u00bb<\/strong>. Y, en declaraciones a la emisora p\u00fablica italiana RAI el domingo, Zuppi aclar\u00f3 que no estaba trabajando en un<strong>\u00a0\u00abplan de paz\u00bb<\/strong>\u00a0ni en una\u00a0<strong>\u00abmediaci\u00f3n\u00bb<\/strong>\u00a0entre\u00a0<strong>Kiev\u00a0<\/strong>y\u00a0<strong>Mosc\u00fa<\/strong>, sino que se centraba en<strong>\u00a0\u00abaspectos humanitarios\u00bb<\/strong>.<\/p>\n<\/article>\n<\/article>\n","protected":false},"excerpt":{"rendered":"<p>El\u00a0Papa Francisco\u00a0recibi\u00f3 este mi\u00e9rcoles al expresidente de\u00a0Estados Unidos,\u00a0Bill Clinton, en el\u00a0Vaticano, informaron fuentes vaticanas. El pont\u00edfice y Clinton, quien gobern\u00f3\u00a0EEUU\u00a0en<\/p>\n","protected":false},"author":1,"featured_media":4785,"comment_status":"closed","ping_status":"closed","sticky":false,"template":"","format":"standard","meta":{"footnotes":"","jetpack_publicize_message":"","jetpack_publicize_feature_enabled":true,"jetpack_social_post_already_shared":false,"jetpack_social_options":{"image_generator_settings":{"template":"highway","enabled":false},"version":2}},"categories":[6],"tags":[],"class_list":["post-4784","post","type-post","status-publish","format-standard","has-post-thumbnail","hentry","category-internacionales"],"jetpack_publicize_connections":[],"_links":{"self":[{"href":"https:\/\/diariorepublica.com.ar\/web\/index.php\/wp-json\/wp\/v2\/posts\/4784"}],"collection":[{"href":"https:\/\/diariorepublica.com.ar\/web\/index.php\/wp-json\/wp\/v2\/posts"}],"about":[{"href":"https:\/\/diariorepublica.com.ar\/web\/index.php\/wp-json\/wp\/v2\/types\/post"}],"author":[{"embeddable":true,"href":"https:\/\/diariorepublica.com.ar\/web\/index.php\/wp-json\/wp\/v2\/users\/1"}],"replies":[{"embeddable":true,"href":"https:\/\/diariorepublica.com.ar\/web\/index.php\/wp-json\/wp\/v2\/comments?post=4784"}],"version-history":[{"count":1,"href":"https:\/\/diariorepublica.com.ar\/web\/index.php\/wp-json\/wp\/v2\/posts\/4784\/revisions"}],"predecessor-version":[{"id":4786,"href":"https:\/\/diariorepublica.com.ar\/web\/index.php\/wp-json\/wp\/v2\/posts\/4784\/revisions\/4786"}],"wp:featuredmedia":[{"embeddable":true,"href":"https:\/\/diariorepublica.com.ar\/web\/index.php\/wp-json\/wp\/v2\/media\/4785"}],"wp:attachment":[{"href":"https:\/\/diariorepublica.com.ar\/web\/index.php\/wp-json\/wp\/v2\/media?parent=4784"}],"wp:term":[{"taxonomy":"category","embeddable":true,"href":"https:\/\/diariorepublica.com.ar\/web\/index.php\/wp-json\/wp\/v2\/categories?post=4784"},{"taxonomy":"post_tag","embeddable":true,"href":"https:\/\/diariorepublica.com.ar\/web\/index.php\/wp-json\/wp\/v2\/tags?post=4784"}],"curies":[{"name":"wp","href":"https:\/\/api.w.org\/{rel}","templated":true}]}}