{"id":4790,"date":"2023-07-05T19:39:50","date_gmt":"2023-07-05T22:39:50","guid":{"rendered":"https:\/\/diariorepublica.com.ar\/web\/?p=4790"},"modified":"2023-07-05T19:39:51","modified_gmt":"2023-07-05T22:39:51","slug":"la-uta-amenaza-con-nuevo-un-paro-de-colectivos-a-nivel-nacional","status":"publish","type":"post","link":"https:\/\/diariorepublica.com.ar\/web\/index.php\/nacionales\/2023\/07\/05\/la-uta-amenaza-con-nuevo-un-paro-de-colectivos-a-nivel-nacional\/","title":{"rendered":"La UTA amenaza con nuevo un paro de colectivos a nivel nacional"},"content":{"rendered":"<article id=\"article-post\" class=\"first\">\n<div class=\"cuerpo\" data-twitter-link=\"https:\/\/twitter.com\/intent\/tweet?url=https:\/\/www.diariopopular.com.ar\/c726227&amp;via=poopulardiario&amp;related=Popular&amp;text=\">\n<p><strong>La Uni\u00f3n Tranviarios Automotor (UTA)<\/strong>\u00a0anunci\u00f3 este mi\u00e9rcoles un\u00a0<strong>paro nacional de colectivos para el viernes<\/strong>\u00a0en el sector de corta y media distancia si las empresas no cumplen la resoluci\u00f3n conjunta de las carteras de\u00a0<strong>Trabajo y Transporte,<\/strong>\u00a0que determin\u00f3 los salarios para el interior y el \u00e1rea metropolitana.<\/p>\n<\/div>\n<\/article>\n<article id=\"article-post\">\n<div class=\"cuerpo\" data-twitter-link=\"https:\/\/twitter.com\/intent\/tweet?url=https:\/\/www.diariopopular.com.ar\/c726227&amp;via=poopulardiario&amp;related=Popular&amp;text=\">\n<p>Un comunicado de la UTA, que lidera Roberto Fern\u00e1ndez, y de las juntas ejecutivas seccionales ratific\u00f3 \u00abla vigencia y exigibilidad de la resoluci\u00f3n conjunta, que determin\u00f3 las escalas salariales para los trabajadores del \u00c1rea Metropolitana Buenos Aires (AMBA) y del interior tras el acuerdo con la Federaci\u00f3n Argentina de Transportadores por Automotor de Pasajeros (Fatap)\u00bb.<\/p>\n<div id=\"654349-Libre-503583603_wrap\" class=\"embed_cont type_imagen\" contenteditable=\"false\">\n<div id=\"654349-Libre-503583603_content\" class=\"embed_content\"><img decoding=\"async\" id=\"654349-Libre-503583603_embed\" title=\"El comunicado de la UTA. \" src=\"https:\/\/media.diariopopular.com.ar\/p\/87de8ac40d5060ba13a7e6e3b770aeea\/adjuntos\/143\/imagenes\/008\/095\/0008095714\/1140x0\/smart\/f0tv1xnwyai0ducjpg.jpg\" alt=\"El comunicado de la UTA. \" width=\"1140\" height=\"\" longdesc=\"https:\/\/media.diariopopular.com.ar\/p\/87de8ac40d5060ba13a7e6e3b770aeea\/adjuntos\/143\/imagenes\/008\/095\/0008095714\/1140x0\/smart\/f0tv1xnwyai0ducjpg.jpg\" \/><\/div>\n<\/div>\n<\/div>\n<\/article>\n<p>La medida de fuerza, de concretarse ante un posible incumplimiento del pago de esas escalas salariales, afectar\u00eda los servicios de corta y media distancia de todo el pa\u00eds.<\/p>\n<p>\u00abLas diferencias existentes entre el sector empresario y la autoridad de aplicaci\u00f3n son completamente ajenas e independientes de los salarios de los trabajadores, quienes no pueden ni deben esperar disposiciones reglamentarias, convenios o rendiciones para percibir sus haberes. No pueden ser rehenes de la problem\u00e1tica del servicio\u00bb, afirm\u00f3.<\/p>\n<p>La UTA exigi\u00f3 el cumplimiento de esa resoluci\u00f3n de ambas carteras de Estado y del acuerdo alcanzado con la Fatap, y advirti\u00f3 que de no producirse por parte de las empresas desde el primer minuto del viernes comenzar\u00e1 una retenci\u00f3n de tareas nacional.<\/p>\n","protected":false},"excerpt":{"rendered":"<p>La Uni\u00f3n Tranviarios Automotor (UTA)\u00a0anunci\u00f3 este mi\u00e9rcoles un\u00a0paro nacional de colectivos para el viernes\u00a0en el sector de corta y media<\/p>\n","protected":false},"author":1,"featured_media":4791,"comment_status":"closed","ping_status":"closed","sticky":false,"template":"","format":"standard","meta":{"footnotes":"","jetpack_publicize_message":"","jetpack_publicize_feature_enabled":true,"jetpack_social_post_already_shared":false,"jetpack_social_options":{"image_generator_settings":{"template":"highway","enabled":false},"version":2}},"categories":[4],"tags":[],"class_list":["post-4790","post","type-post","status-publish","format-standard","has-post-thumbnail","hentry","category-nacionales"],"jetpack_publicize_connections":[],"_links":{"self":[{"href":"https:\/\/diariorepublica.com.ar\/web\/index.php\/wp-json\/wp\/v2\/posts\/4790"}],"collection":[{"href":"https:\/\/diariorepublica.com.ar\/web\/index.php\/wp-json\/wp\/v2\/posts"}],"about":[{"href":"https:\/\/diariorepublica.com.ar\/web\/index.php\/wp-json\/wp\/v2\/types\/post"}],"author":[{"embeddable":true,"href":"https:\/\/diariorepublica.com.ar\/web\/index.php\/wp-json\/wp\/v2\/users\/1"}],"replies":[{"embeddable":true,"href":"https:\/\/diariorepublica.com.ar\/web\/index.php\/wp-json\/wp\/v2\/comments?post=4790"}],"version-history":[{"count":1,"href":"https:\/\/diariorepublica.com.ar\/web\/index.php\/wp-json\/wp\/v2\/posts\/4790\/revisions"}],"predecessor-version":[{"id":4792,"href":"https:\/\/diariorepublica.com.ar\/web\/index.php\/wp-json\/wp\/v2\/posts\/4790\/revisions\/4792"}],"wp:featuredmedia":[{"embeddable":true,"href":"https:\/\/diariorepublica.com.ar\/web\/index.php\/wp-json\/wp\/v2\/media\/4791"}],"wp:attachment":[{"href":"https:\/\/diariorepublica.com.ar\/web\/index.php\/wp-json\/wp\/v2\/media?parent=4790"}],"wp:term":[{"taxonomy":"category","embeddable":true,"href":"https:\/\/diariorepublica.com.ar\/web\/index.php\/wp-json\/wp\/v2\/categories?post=4790"},{"taxonomy":"post_tag","embeddable":true,"href":"https:\/\/diariorepublica.com.ar\/web\/index.php\/wp-json\/wp\/v2\/tags?post=4790"}],"curies":[{"name":"wp","href":"https:\/\/api.w.org\/{rel}","templated":true}]}}