{"id":4793,"date":"2023-07-06T07:29:41","date_gmt":"2023-07-06T10:29:41","guid":{"rendered":"https:\/\/diariorepublica.com.ar\/web\/?p=4793"},"modified":"2023-07-06T07:29:42","modified_gmt":"2023-07-06T10:29:42","slug":"despues-de-los-gobernadores-la-cgt-prepara-un-acto-de-campana-junto-a-sergio-massa","status":"publish","type":"post","link":"https:\/\/diariorepublica.com.ar\/web\/index.php\/nacionales\/2023\/07\/06\/despues-de-los-gobernadores-la-cgt-prepara-un-acto-de-campana-junto-a-sergio-massa\/","title":{"rendered":"Despu\u00e9s de los gobernadores, la CGT prepara un acto de campa\u00f1a junto a Sergio Massa"},"content":{"rendered":"<p class=\"paragraph\">Primero fueron los\u00a0<a href=\"https:\/\/tn.com.ar\/politica\/2023\/07\/05\/tras-la-cumbre-con-gobernadores-el-oficialismo-designo-a-wado-de-pedro-como-jefe-de-campana\/\">gobernadores\u00a0<\/a>y ahora es la\u00a0<b>Confederaci\u00f3n General del Trabajo (CGT)\u00a0<\/b>la que<b>\u00a0se prepara para tener acto propio de campa\u00f1a junto\u00a0<\/b>al precandidato presidencial de Uni\u00f3n por la Patria,\u00a0<b>Sergio Massa.<\/b><\/p>\n<p class=\"paragraph\">El tigrense fue desde el inicio el elegido de la central obrera, por su alianza con Cristina Kirchner y porque creen que es el m\u00e1s competitivo dentro del oficialismo, pero la falta de definiciones de la f\u00f3rmula de Uni\u00f3 por la Patria (UxP) mantuvo durante semanas en alerta a los gremios, preocupados por el crecimiento en la intenci\u00f3n de voto de fuerzas pol\u00edticas que propician una reforma laboral.<\/p>\n<p class=\"paragraph\">Ya con la campa\u00f1a en marcha, el objetivo del encuentro es ratificar el acompa\u00f1amiento de la CGT a la f\u00f3rmula presidencial que encabeza Massa y garantizar la foto de unidad que tanto esperan para hacer una demostraci\u00f3n de fuerza. Ser\u00e1 con un acto durante la segunda quincena de julio, seg\u00fan pudo confirmar\u00a0<b>TN<\/b>.<\/p>\n<h6 class=\"font--primary\">Sergio Massa, el candidato de la CGT<\/h6>\n<p class=\"paragraph\">Pese a la p\u00e9rdida de poder adquisitivo del salario frente a una inflaci\u00f3n que el titular del Palacio de Hacienda no pudo domar desde su llegada al cargo, la c\u00fapula de la CGT se mantuvo al margen de las medidas de fuerza que vienen reclamando las organizaciones sociales de izquierda y los piqueteros. El objetivo es mantener la paz social, a\u00fan m\u00e1s en \u00e9pocas electorales.<\/p>\n<p class=\"paragraph\">Pero cuando la definici\u00f3n de nombres se hizo esperar, empez\u00f3 a salir del letargo y en dos cartas p\u00fablicas reclam\u00f3 al entonces Frente de Todos \u201cunidad, responsabilidad y federalismo\u201d y se aline\u00f3 con la idea de Cristina Kirchner y Sergio Massa de encontrar un candidato \u00fanico \u201cde s\u00edntesis\u201d que los represente en las PASO.<\/p>\n<p class=\"paragraph\">En la central obrera crece el temor de que un cambio de color pol\u00edtico en el gobierno implique el avance de la reforma laboral que el sindicalismo resiste. \u201cCuando el peronismo fue unido gan\u00f3 las elecciones\u201d, advirti\u00f3. Al respecto se manifestaron Javier Milei, Patricia Bullrich y Horacio Rodr\u00edguez Larreta.<\/p>\n<p class=\"paragraph\">\u201cNo es lo mismo gobierne quien gobierne. Tenemos que militar al peronismo para que en las pr\u00f3ximas elecciones no gane la derecha, que viene por nuestros derechos\u201d, fue el mensaje de H\u00e9ctor Daer en el acto por el D\u00eda del Trabajador.<\/p>\n<p class=\"paragraph\">En di\u00e1logo permanente con las tres patas de la coalici\u00f3n gobernante, en la CGT dicen que ahora lleg\u00f3 el momento de dar muestras de esa unidad y salir a bancar ante los gremios a Massa como precandidato. En la central obrera creen que el PJ a\u00fan est\u00e1 \u201ca tiempo\u201d de ser competitivo en las elecciones y el nombre del ministro es el que mantiene las expectativas en ese sentido.<\/p>\n","protected":false},"excerpt":{"rendered":"<p>Primero fueron los\u00a0gobernadores\u00a0y ahora es la\u00a0Confederaci\u00f3n General del Trabajo (CGT)\u00a0la que\u00a0se prepara para tener acto propio de campa\u00f1a junto\u00a0al precandidato<\/p>\n","protected":false},"author":1,"featured_media":4794,"comment_status":"closed","ping_status":"closed","sticky":false,"template":"","format":"standard","meta":{"footnotes":"","jetpack_publicize_message":"","jetpack_publicize_feature_enabled":true,"jetpack_social_post_already_shared":false,"jetpack_social_options":{"image_generator_settings":{"template":"highway","enabled":false},"version":2}},"categories":[4],"tags":[],"class_list":["post-4793","post","type-post","status-publish","format-standard","has-post-thumbnail","hentry","category-nacionales"],"jetpack_publicize_connections":[],"_links":{"self":[{"href":"https:\/\/diariorepublica.com.ar\/web\/index.php\/wp-json\/wp\/v2\/posts\/4793"}],"collection":[{"href":"https:\/\/diariorepublica.com.ar\/web\/index.php\/wp-json\/wp\/v2\/posts"}],"about":[{"href":"https:\/\/diariorepublica.com.ar\/web\/index.php\/wp-json\/wp\/v2\/types\/post"}],"author":[{"embeddable":true,"href":"https:\/\/diariorepublica.com.ar\/web\/index.php\/wp-json\/wp\/v2\/users\/1"}],"replies":[{"embeddable":true,"href":"https:\/\/diariorepublica.com.ar\/web\/index.php\/wp-json\/wp\/v2\/comments?post=4793"}],"version-history":[{"count":1,"href":"https:\/\/diariorepublica.com.ar\/web\/index.php\/wp-json\/wp\/v2\/posts\/4793\/revisions"}],"predecessor-version":[{"id":4795,"href":"https:\/\/diariorepublica.com.ar\/web\/index.php\/wp-json\/wp\/v2\/posts\/4793\/revisions\/4795"}],"wp:featuredmedia":[{"embeddable":true,"href":"https:\/\/diariorepublica.com.ar\/web\/index.php\/wp-json\/wp\/v2\/media\/4794"}],"wp:attachment":[{"href":"https:\/\/diariorepublica.com.ar\/web\/index.php\/wp-json\/wp\/v2\/media?parent=4793"}],"wp:term":[{"taxonomy":"category","embeddable":true,"href":"https:\/\/diariorepublica.com.ar\/web\/index.php\/wp-json\/wp\/v2\/categories?post=4793"},{"taxonomy":"post_tag","embeddable":true,"href":"https:\/\/diariorepublica.com.ar\/web\/index.php\/wp-json\/wp\/v2\/tags?post=4793"}],"curies":[{"name":"wp","href":"https:\/\/api.w.org\/{rel}","templated":true}]}}