{"id":482,"date":"2023-03-28T07:13:25","date_gmt":"2023-03-28T10:13:25","guid":{"rendered":"https:\/\/diariorepublica.com.ar\/web\/?p=482"},"modified":"2023-03-28T07:13:25","modified_gmt":"2023-03-28T10:13:25","slug":"feriado-por-el-partido-de-la-seleccion-argentina-en-santiago-del-estero","status":"publish","type":"post","link":"https:\/\/diariorepublica.com.ar\/web\/index.php\/deportes\/2023\/03\/28\/feriado-por-el-partido-de-la-seleccion-argentina-en-santiago-del-estero\/","title":{"rendered":"Feriado por el partido de la Selecci\u00f3n Argentina en Santiago del Estero"},"content":{"rendered":"<section class=\"detail-body first-paragraph\">\n<section id=\"note-body\" class=\"body-content note-body content-protected-false\" data-twitter-link=\"https:\/\/twitter.com\/intent\/tweet?url=https:\/\/www.minutouno.com\/c5684076&amp;v\u00eda=Ambitocom&amp;related=MinutoUno&amp;text=\">La expectativa que despierta la llegada del\u00a0<strong>seleccionado argentino<\/strong>\u00a0campe\u00f3n del Mundo a\u00a0<strong>Santiago del Estero\u00a0<\/strong>para disputar este martes un partido amistoso contra\u00a0<strong>Curazao\u00a0<\/strong>motiv\u00f3 que la autoridades provinciales resolvieran disponer<strong>\u00a0asueto administrativo y educativo<\/strong>\u00a0desde las 14 en la capital santiague\u00f1a y en el vecino distrito de La Banda.<\/p>\n<\/section>\n<\/section>\n<section class=\"detail-body second-paragraph\">\n<section class=\"body-content note-body content-protected-false\">El decreto firmado por el gobernador\u00a0<strong>Gerardo Zamora<\/strong>\u00a0indic\u00f3 entre sus considerandos que\u00a0<strong>\u00abpor la dimensi\u00f3n del evento, resulta necesario prever desde el estado provincial todas las acciones vinculadas a garantizar la seguridad, la movilidad, la atenci\u00f3n sanitaria, la gesti\u00f3n del tr\u00e1fico vehicular y otros aspectos log\u00edsticos relevantes, de manera que se garantice el desarrollo del evento como de las dem\u00e1s actividades ciudadanas\u00bb<\/strong>.<\/p>\n<p>Agreg\u00f3 que el asueto<strong>\u00a0\u00abse dispone para el martes 28\u00bb<\/strong>, por tratarse de<strong>\u00a0\u00abun evento deportivo que concitar\u00e1 una gran afluencia de p\u00fablico y fervor popular extraordinario\u00bb<\/strong>.<\/p>\n<p>Destac\u00f3\u00a0<strong>\u00abla enorme pasi\u00f3n y entusiasmo que despierta el f\u00fatbol con la presencia de la Selecci\u00f3n Argentina como reciente Campe\u00f3n Mundial\u00bb, luego de obtener su t\u00edtulo, el 20 de diciembre de 2022, en Qatar, cuando se \u00abcongregaron para recibir a los campeones m\u00e1s de cinco millones de personas en las calles de todo el pa\u00eds\u00bb<\/strong>.<\/p>\n<p>Se record\u00f3 tambi\u00e9n la afluencia de p\u00fablico al estadio de\u00a0<strong>River\u00a0<\/strong>y el fervor en las plataformas digitales para obtener entradas al estadio, con motivo del amistoso que jug\u00f3 la selecci\u00f3n con\u00a0<strong>Panam\u00e1<\/strong>, el jueves. Vali\u00e9ndose de esta experiencia del \u00faltimo jueves es que el gobierno de\u00a0<strong>Santiago del Espero<\/strong>\u00a0tom\u00f3 esta medida, adelant\u00e1ndose al partido que ma\u00f1ana jugar\u00e1 en su territorio la\u00a0<strong>Selecci\u00f3n Argentina\u00a0<\/strong>con\u00a0<strong>Curazao<\/strong>.<\/p>\n<p><strong>\u00abResulta pertinente contemplar la suspensi\u00f3n de las actividades administrativas y educativas que se desarrollan en horarios afectados por este evento extraordinario que coadyuvar\u00e1n a su desarrollo normal y al orden y seguridad general en los departamentos Capital y Banda\u00bb<\/strong>, precis\u00f3 la resoluci\u00f3n.<\/p>\n<p>El gobernador\u00a0<strong>Zamora\u00a0<\/strong>decret\u00f3 adem\u00e1s que los distintos organismos deber\u00e1n implementar las medidas necesarias a efectos de mantener la continuidad de los servicios esenciales, como tambi\u00e9n que se instruya a las autoridades educativas la adopci\u00f3n de las medidas necesarias para recuperar los tiempos escolares.<\/p>\n<\/section>\n<\/section>\n","protected":false},"excerpt":{"rendered":"<p>La expectativa que despierta la llegada del\u00a0seleccionado argentino\u00a0campe\u00f3n del Mundo a\u00a0Santiago del Estero\u00a0para disputar este martes un partido amistoso contra\u00a0Curazao\u00a0motiv\u00f3<\/p>\n","protected":false},"author":1,"featured_media":483,"comment_status":"closed","ping_status":"closed","sticky":false,"template":"","format":"standard","meta":{"footnotes":"","jetpack_publicize_message":"","jetpack_publicize_feature_enabled":true,"jetpack_social_post_already_shared":false,"jetpack_social_options":{"image_generator_settings":{"template":"highway","enabled":false},"version":2}},"categories":[9],"tags":[],"class_list":["post-482","post","type-post","status-publish","format-standard","has-post-thumbnail","hentry","category-deportes"],"jetpack_publicize_connections":[],"_links":{"self":[{"href":"https:\/\/diariorepublica.com.ar\/web\/index.php\/wp-json\/wp\/v2\/posts\/482"}],"collection":[{"href":"https:\/\/diariorepublica.com.ar\/web\/index.php\/wp-json\/wp\/v2\/posts"}],"about":[{"href":"https:\/\/diariorepublica.com.ar\/web\/index.php\/wp-json\/wp\/v2\/types\/post"}],"author":[{"embeddable":true,"href":"https:\/\/diariorepublica.com.ar\/web\/index.php\/wp-json\/wp\/v2\/users\/1"}],"replies":[{"embeddable":true,"href":"https:\/\/diariorepublica.com.ar\/web\/index.php\/wp-json\/wp\/v2\/comments?post=482"}],"version-history":[{"count":1,"href":"https:\/\/diariorepublica.com.ar\/web\/index.php\/wp-json\/wp\/v2\/posts\/482\/revisions"}],"predecessor-version":[{"id":484,"href":"https:\/\/diariorepublica.com.ar\/web\/index.php\/wp-json\/wp\/v2\/posts\/482\/revisions\/484"}],"wp:featuredmedia":[{"embeddable":true,"href":"https:\/\/diariorepublica.com.ar\/web\/index.php\/wp-json\/wp\/v2\/media\/483"}],"wp:attachment":[{"href":"https:\/\/diariorepublica.com.ar\/web\/index.php\/wp-json\/wp\/v2\/media?parent=482"}],"wp:term":[{"taxonomy":"category","embeddable":true,"href":"https:\/\/diariorepublica.com.ar\/web\/index.php\/wp-json\/wp\/v2\/categories?post=482"},{"taxonomy":"post_tag","embeddable":true,"href":"https:\/\/diariorepublica.com.ar\/web\/index.php\/wp-json\/wp\/v2\/tags?post=482"}],"curies":[{"name":"wp","href":"https:\/\/api.w.org\/{rel}","templated":true}]}}