{"id":4823,"date":"2023-07-06T08:51:23","date_gmt":"2023-07-06T11:51:23","guid":{"rendered":"https:\/\/diariorepublica.com.ar\/web\/?p=4823"},"modified":"2023-07-06T08:51:24","modified_gmt":"2023-07-06T11:51:24","slug":"media-sancion-para-la-ley-olimpia","status":"publish","type":"post","link":"https:\/\/diariorepublica.com.ar\/web\/index.php\/nacionales\/2023\/07\/06\/media-sancion-para-la-ley-olimpia\/","title":{"rendered":"Media sanci\u00f3n para la \u201cLey Olimpia\u201d"},"content":{"rendered":"<p>La C\u00e1mara de Diputados sancion\u00f3 por 191 votos contra 2 negativos y 1 abstenci\u00f3n la llamada \u201cLey Olimpia\u201d, que incluye a la violencia digital (como la viralizaci\u00f3n de fotos sexuales) en la norma sobre protecci\u00f3n integral a la mujer. La iniciativa pas\u00f3 al Senado.<\/p>\n<p>La \u201cViolencia Digital o en L\u00ednea\u201d es la que se ejerce mediante el uso de las tecnolog\u00edas de la informaci\u00f3n y la comunicaci\u00f3n (TIC), y que implica la obtenci\u00f3n, reproducci\u00f3n y difusi\u00f3n por cualquier medio de datos personales, material digital real o simulado, \u00edntimo o de desnudez de las mujeres sin su consentimiento, discursos de odio de g\u00e9nero, patrones estereotipados sexistas, o que impliquen situaciones de acoso, amenaza, extorsi\u00f3n o control virtual, o acciones que atenten contra la integridad sexual o identidad digital de las mujeres a trav\u00e9s de las TIC, as\u00ed como cualquier otra que pueda surgir a futuro ejercida por este medio, que afecte los derechos protegidos.<\/p>\n<p>El proyecto aprobado es una modificaci\u00f3n de la ley 26.485 sobre protecci\u00f3n integral a las mujeres e incorpora la figura de \u201cviolencia digital\u201d.<\/p>\n<p>\u201cEsta violencia es un fen\u00f3meno creciente, una pandemia que se extiende y avanza en la medida en que la tecnolog\u00eda y nuevas plataformas surgen y comienzan a formar parte de nuestras vidas -puntualiz\u00f3 la diputada Silvana Ginocchio, firmante de uno de los proyectos-. Estamos sujetos a una h\u00edper exposici\u00f3n en este mundo digital habitando internet. Desde all\u00ed tiene lugar una violencia que tiene a las mujeres y a las diversidades como v\u00edctimas en su mayor porcentaje\u201d.<\/p>\n<p>La norma es conocida como \u201cLey Olimpia Argentina\u201d. La primera se sancion\u00f3 en 2021 en M\u00e9xico en homenaje a Olimpia Coral Melo, la joven mexicana que fue v\u00edctima de \u201cporno extorsi\u00f3n\u201d y \u201cporno venganza\u201d por parte de una ex pareja. \u201cElla transform\u00f3 su experiencia traum\u00e1tica y su dolor en lucha, esta joven mexicana es estandarte de esta lucha y transform\u00f3 su dolor a los efectos de poder transformar una situaci\u00f3n por la que atravesaban muchas mujeres y que ella, gracias a la contenci\u00f3n que encuentra en su familia, tiene la fortaleza para salir\u201d.<br \/>\nGinocchio enfatiz\u00f3 que \u201cLa violencia digital acumula v\u00edctimas invisibilizadas que muchas afrontan las graves consecuencias en silencio, sin acceso a la justicia y con ausencia de un marco normativo actualizado\u201d. \u201cEsto -dijo- tiene consecuencias reales, algo que cuesta entenderlo. Conlleva una afectaci\u00f3n a nivel f\u00edsico, ps\u00edquico, sexual social y econ\u00f3mico\u201d.<br \/>\nLa diputada record\u00f3 que el problema \u201creconoce esa desigual relaci\u00f3n de poder que tiene origen en los estereotipos, prejuicios, patrones socioculturales que nos colocan a las mujeres y diversidades en una situaci\u00f3n de subordinaci\u00f3n, y que provoca \u201ctremendos da\u00f1os que son una violaci\u00f3n a los derechos humanos\u201d.<\/p>\n<p>\u201cDesde este recinto nos sumamos a esta lucha, por Olimpia, por Bel\u00e9n y por tantas diversidades que han pasado por situaciones tremendas, y que han llevado a muchas a quitarse la vida. Somos un pa\u00eds de avanzada en pol\u00edticas y normas de g\u00e9nero -concluy\u00f3 Ginocchio-. Estamos avanzando por la inclusi\u00f3n la igualdad de oportunidades, por el acceso a los derechos que merecemos\u201d.<\/p>\n","protected":false},"excerpt":{"rendered":"<p>La C\u00e1mara de Diputados sancion\u00f3 por 191 votos contra 2 negativos y 1 abstenci\u00f3n la llamada \u201cLey Olimpia\u201d, que incluye<\/p>\n","protected":false},"author":2,"featured_media":4824,"comment_status":"closed","ping_status":"closed","sticky":false,"template":"","format":"standard","meta":{"footnotes":"","jetpack_publicize_message":"","jetpack_publicize_feature_enabled":true,"jetpack_social_post_already_shared":false,"jetpack_social_options":{"image_generator_settings":{"template":"highway","enabled":false},"version":2}},"categories":[4],"tags":[],"class_list":["post-4823","post","type-post","status-publish","format-standard","has-post-thumbnail","hentry","category-nacionales"],"jetpack_publicize_connections":[],"_links":{"self":[{"href":"https:\/\/diariorepublica.com.ar\/web\/index.php\/wp-json\/wp\/v2\/posts\/4823"}],"collection":[{"href":"https:\/\/diariorepublica.com.ar\/web\/index.php\/wp-json\/wp\/v2\/posts"}],"about":[{"href":"https:\/\/diariorepublica.com.ar\/web\/index.php\/wp-json\/wp\/v2\/types\/post"}],"author":[{"embeddable":true,"href":"https:\/\/diariorepublica.com.ar\/web\/index.php\/wp-json\/wp\/v2\/users\/2"}],"replies":[{"embeddable":true,"href":"https:\/\/diariorepublica.com.ar\/web\/index.php\/wp-json\/wp\/v2\/comments?post=4823"}],"version-history":[{"count":1,"href":"https:\/\/diariorepublica.com.ar\/web\/index.php\/wp-json\/wp\/v2\/posts\/4823\/revisions"}],"predecessor-version":[{"id":4825,"href":"https:\/\/diariorepublica.com.ar\/web\/index.php\/wp-json\/wp\/v2\/posts\/4823\/revisions\/4825"}],"wp:featuredmedia":[{"embeddable":true,"href":"https:\/\/diariorepublica.com.ar\/web\/index.php\/wp-json\/wp\/v2\/media\/4824"}],"wp:attachment":[{"href":"https:\/\/diariorepublica.com.ar\/web\/index.php\/wp-json\/wp\/v2\/media?parent=4823"}],"wp:term":[{"taxonomy":"category","embeddable":true,"href":"https:\/\/diariorepublica.com.ar\/web\/index.php\/wp-json\/wp\/v2\/categories?post=4823"},{"taxonomy":"post_tag","embeddable":true,"href":"https:\/\/diariorepublica.com.ar\/web\/index.php\/wp-json\/wp\/v2\/tags?post=4823"}],"curies":[{"name":"wp","href":"https:\/\/api.w.org\/{rel}","templated":true}]}}