{"id":4827,"date":"2023-07-06T08:58:04","date_gmt":"2023-07-06T11:58:04","guid":{"rendered":"https:\/\/diariorepublica.com.ar\/web\/?p=4827"},"modified":"2023-07-06T08:58:06","modified_gmt":"2023-07-06T11:58:06","slug":"ya-esta-acondicionado-el-predio-ferial-para-recibir-a-la-fiesta-del-poncho","status":"publish","type":"post","link":"https:\/\/diariorepublica.com.ar\/web\/index.php\/locales\/2023\/07\/06\/ya-esta-acondicionado-el-predio-ferial-para-recibir-a-la-fiesta-del-poncho\/","title":{"rendered":"Ya est\u00e1 acondicionado el Predio Ferial para recibir a la Fiesta del Poncho"},"content":{"rendered":"<p>El Gobierno de Catamarca, a trav\u00e9s del Ministerio de Infraestructura y Obras Civiles, junto al Ministerio de Cultura, Turismo y Deporte avanzan con una bater\u00eda de obras espec\u00edficas que terminar\u00e1n de acondicionar los distintos sectores de un predio que durante todo el a\u00f1o est\u00e1 en permanente uso. Se trabaja intensamente en el Predio Ferial Catamarca, adem\u00e1s, para recibir en menos de dos semanas la edici\u00f3n 2023 de la Fiesta Nacional e Internacional del Poncho.<\/p>\n<p>Al trabajo de mantenimiento que se realiza durante todo el a\u00f1o, se sum\u00f3 el reacondicionamiento de caminer\u00edas, pinturas, jardines y salones, que tendr\u00e1n una imagen distinta a la habitual, con muchos espacios de dise\u00f1o en las alturas que terminar\u00e1n de darle forma a esta fiesta.<\/p>\n<p>Entre las obras realizadas, se encuentra la ampliaci\u00f3n de 100 m2 de la Carpa Achalay, tambi\u00e9n 250 m2 de hormig\u00f3n alisado para el sector del Paseo de Compras de Productos Catamarque\u00f1os, incluyendo pintura interior y exterior de pabellones.<\/p>\n<p>Tambi\u00e9n se trabaj\u00f3 en la pintura exterior de carpas estables y ranchos, reparaci\u00f3n de caminer\u00edas en general. En lo que respecta al aspecto el\u00e9ctrico, se realiz\u00f3 la reposici\u00f3n de luminarias.<\/p>\n<p>Por otra parte, se trabaj\u00f3 en reparaci\u00f3n de instalaciones sanitarias en general, cambiando ca\u00f1er\u00edas y artefactos sanitarios y se concret\u00f3 la restituci\u00f3n de bombas y ca\u00f1er\u00edas de impulsi\u00f3n para reservorios de agua y reparaciones en los ba\u00f1os, adem\u00e1s del arreglo de cielorrasos de placas de durlock y pvc en distintas partes del predio.<\/p>\n<p>En el sal\u00f3n mayor se pint\u00f3 todo el piso y las plateas y el sector en donde se instalar\u00e1n las distintas carpas, adem\u00e1s, la pintura interior y exterior de los pabellones, galer\u00edas y columnas de la p\u00e9rgola central.<\/p>\n<p>Sobre las tareas realizadas en la zona de ranchos, se finaliz\u00f3 con la reparaci\u00f3n de los mismos, sustituyendo placas de superboard y limpiando las ca\u00f1er\u00edas de desag\u00fces cloacales.<\/p>\n<p>Cabe destacar que la gran cantidad de trabajos realizados son ejecutados por un total de 60 alba\u00f1iles,10 plomeros, 18 durleros, 25 pintores, 8 herreros, 20 electricistas y 24 desmalezadores.<\/p>\n","protected":false},"excerpt":{"rendered":"<p>El Gobierno de Catamarca, a trav\u00e9s del Ministerio de Infraestructura y Obras Civiles, junto al Ministerio de Cultura, Turismo y<\/p>\n","protected":false},"author":2,"featured_media":4828,"comment_status":"closed","ping_status":"closed","sticky":false,"template":"","format":"standard","meta":{"footnotes":"","jetpack_publicize_message":"","jetpack_publicize_feature_enabled":true,"jetpack_social_post_already_shared":false,"jetpack_social_options":{"image_generator_settings":{"template":"highway","enabled":false},"version":2}},"categories":[2],"tags":[],"class_list":["post-4827","post","type-post","status-publish","format-standard","has-post-thumbnail","hentry","category-locales"],"jetpack_publicize_connections":[],"_links":{"self":[{"href":"https:\/\/diariorepublica.com.ar\/web\/index.php\/wp-json\/wp\/v2\/posts\/4827"}],"collection":[{"href":"https:\/\/diariorepublica.com.ar\/web\/index.php\/wp-json\/wp\/v2\/posts"}],"about":[{"href":"https:\/\/diariorepublica.com.ar\/web\/index.php\/wp-json\/wp\/v2\/types\/post"}],"author":[{"embeddable":true,"href":"https:\/\/diariorepublica.com.ar\/web\/index.php\/wp-json\/wp\/v2\/users\/2"}],"replies":[{"embeddable":true,"href":"https:\/\/diariorepublica.com.ar\/web\/index.php\/wp-json\/wp\/v2\/comments?post=4827"}],"version-history":[{"count":1,"href":"https:\/\/diariorepublica.com.ar\/web\/index.php\/wp-json\/wp\/v2\/posts\/4827\/revisions"}],"predecessor-version":[{"id":4829,"href":"https:\/\/diariorepublica.com.ar\/web\/index.php\/wp-json\/wp\/v2\/posts\/4827\/revisions\/4829"}],"wp:featuredmedia":[{"embeddable":true,"href":"https:\/\/diariorepublica.com.ar\/web\/index.php\/wp-json\/wp\/v2\/media\/4828"}],"wp:attachment":[{"href":"https:\/\/diariorepublica.com.ar\/web\/index.php\/wp-json\/wp\/v2\/media?parent=4827"}],"wp:term":[{"taxonomy":"category","embeddable":true,"href":"https:\/\/diariorepublica.com.ar\/web\/index.php\/wp-json\/wp\/v2\/categories?post=4827"},{"taxonomy":"post_tag","embeddable":true,"href":"https:\/\/diariorepublica.com.ar\/web\/index.php\/wp-json\/wp\/v2\/tags?post=4827"}],"curies":[{"name":"wp","href":"https:\/\/api.w.org\/{rel}","templated":true}]}}