{"id":4836,"date":"2023-07-06T11:46:20","date_gmt":"2023-07-06T14:46:20","guid":{"rendered":"https:\/\/diariorepublica.com.ar\/web\/?p=4836"},"modified":"2023-07-06T11:46:21","modified_gmt":"2023-07-06T14:46:21","slug":"uda-analiza-irse-de-la-intersindical-docente","status":"publish","type":"post","link":"https:\/\/diariorepublica.com.ar\/web\/index.php\/sociedad\/2023\/07\/06\/uda-analiza-irse-de-la-intersindical-docente\/","title":{"rendered":"UDA analiza irse de la Intersindical Docente"},"content":{"rendered":"<p>Tras el acuerdo alcanzado en mayoria por parte del Gobierno con los gremios docentes para arribar a una nueva mejora salarial, el gremio UDA se mostr\u00f3 en contra del acuerdo logrado y se\u00f1al\u00f3 que \u201clos porcentajes que ofrecieron distan de la realidad\u201d y calific\u00f3 este encuentro como \u201cuna reuni\u00f3n, no como una paritaria\u201d y apunt\u00f3 que \u201chubo mucha intransigencia\u201d por parte de la Ministra de Trabajo.<\/p>\n<p>En este sentido, dijo que \u201cse observ\u00f3 muy intolerantes las autoridades estaban pretendiendo cerrar esto que deber\u00eda ser la discusi\u00f3n del salario, no aceptando contrapropuestas, la definici\u00f3n era por si o por no y hoy cerraba\u201d y aclar\u00f3 que UDA solicit\u00f3 una flexibilizaci\u00f3n, \u201cque se contin\u00fae en la semana que viene debatiendo, viendo de poder producir una modificaci\u00f3n de la redistribuci\u00f3n de la pobreza que hacen con esos porcentajes u \u00ednfimos que pr\u00e1cticamente son una risa porque la inflaci\u00f3n en el ritmo que lleva va erosionando permanentemente en el salario\u201d.<\/p>\n<p>Ante la \u201cintransigencia de no aceptar propuestas\u201d por parte del Ejecutivo y ser \u201cavalado\u201d por tres sindicatos, siendo que SADOP estaba ausente, pero \u201cmandaron una nota por pdf, lo cual la Ministra de Trabajo lo tom\u00f3 como una aceptaci\u00f3n\u201d. \u201cYo llame en la mesa una verg\u00fcenza ajena de no tener voluntad de la discusi\u00f3n de mejorar los porcentajes, teniendo en cuenta la realidad que estamos atravesando\u201d, manifest\u00f3 la gremialista.<\/p>\n<p>De esta manera, Ag\u00fcero asegur\u00f3 que se \u201cpone en riesgo la continuidad de parte de UDA en la intersindical\u201d. \u201cYa en varias oportunidades ocurri\u00f3 lo mismo, en UDA estamos tratando de defender al docente, estamos ratificando nuestra inquebrantable lucha por jerarquizarlo al sector docente y porque el docente tenga un salario acorde a los tiempos que vivimos y siempre hay alguna intervenci\u00f3n de algo que no da margen a la continuidad de la negociaci\u00f3n y se queda con esa aceptaci\u00f3n de esos porcentajes que son miserables, que son una redistribuci\u00f3n de pobreza\u201d, expres\u00f3 la sindicalista y coment\u00f3 que trataran con los cuerpos org\u00e1nicos \u201cesta situaci\u00f3n in\u00e9dita de la llamada paritaria y vamos a considerar la continuidad o no de UDA dentro de la intersindical\u201d.<\/p>\n","protected":false},"excerpt":{"rendered":"<p>Tras el acuerdo alcanzado en mayoria por parte del Gobierno con los gremios docentes para arribar a una nueva mejora<\/p>\n","protected":false},"author":2,"featured_media":4837,"comment_status":"closed","ping_status":"closed","sticky":false,"template":"","format":"standard","meta":{"footnotes":"","jetpack_publicize_message":"","jetpack_publicize_feature_enabled":true,"jetpack_social_post_already_shared":false,"jetpack_social_options":{"image_generator_settings":{"template":"highway","enabled":false},"version":2}},"categories":[3],"tags":[],"class_list":["post-4836","post","type-post","status-publish","format-standard","has-post-thumbnail","hentry","category-sociedad"],"jetpack_publicize_connections":[],"_links":{"self":[{"href":"https:\/\/diariorepublica.com.ar\/web\/index.php\/wp-json\/wp\/v2\/posts\/4836"}],"collection":[{"href":"https:\/\/diariorepublica.com.ar\/web\/index.php\/wp-json\/wp\/v2\/posts"}],"about":[{"href":"https:\/\/diariorepublica.com.ar\/web\/index.php\/wp-json\/wp\/v2\/types\/post"}],"author":[{"embeddable":true,"href":"https:\/\/diariorepublica.com.ar\/web\/index.php\/wp-json\/wp\/v2\/users\/2"}],"replies":[{"embeddable":true,"href":"https:\/\/diariorepublica.com.ar\/web\/index.php\/wp-json\/wp\/v2\/comments?post=4836"}],"version-history":[{"count":1,"href":"https:\/\/diariorepublica.com.ar\/web\/index.php\/wp-json\/wp\/v2\/posts\/4836\/revisions"}],"predecessor-version":[{"id":4838,"href":"https:\/\/diariorepublica.com.ar\/web\/index.php\/wp-json\/wp\/v2\/posts\/4836\/revisions\/4838"}],"wp:featuredmedia":[{"embeddable":true,"href":"https:\/\/diariorepublica.com.ar\/web\/index.php\/wp-json\/wp\/v2\/media\/4837"}],"wp:attachment":[{"href":"https:\/\/diariorepublica.com.ar\/web\/index.php\/wp-json\/wp\/v2\/media?parent=4836"}],"wp:term":[{"taxonomy":"category","embeddable":true,"href":"https:\/\/diariorepublica.com.ar\/web\/index.php\/wp-json\/wp\/v2\/categories?post=4836"},{"taxonomy":"post_tag","embeddable":true,"href":"https:\/\/diariorepublica.com.ar\/web\/index.php\/wp-json\/wp\/v2\/tags?post=4836"}],"curies":[{"name":"wp","href":"https:\/\/api.w.org\/{rel}","templated":true}]}}