{"id":4839,"date":"2023-07-06T11:54:05","date_gmt":"2023-07-06T14:54:05","guid":{"rendered":"https:\/\/diariorepublica.com.ar\/web\/?p=4839"},"modified":"2023-07-06T11:54:06","modified_gmt":"2023-07-06T14:54:06","slug":"incidentes-en-la-previa-a-la-llegada-de-alberto-fernandez","status":"publish","type":"post","link":"https:\/\/diariorepublica.com.ar\/web\/index.php\/politica\/2023\/07\/06\/incidentes-en-la-previa-a-la-llegada-de-alberto-fernandez\/","title":{"rendered":"Incidentes en la previa a la llegada de Alberto Fernandez"},"content":{"rendered":"<p>Vecinos autoconvocados, con apoyo de la organizaci\u00f3n social MST, se manifiestan en las avenidas Los Minerales y Bicentenario para reclamar vivienda digna y trabajo genuino.<\/p>\n<p>M\u00e1s de 40 personas, algunas cargando menores de edad, llegaron hasta el lugar donde est\u00e1 prevista la llegada del presidente Alberto Fern\u00e1ndez, quien junto al gobernador Ra\u00fal Jalil, har\u00e1n entrega de 91 m\u00f3dulos habitacionales.<\/p>\n<p>La titular del MST, Alejandra Figueroa, volvi\u00f3 a solidarizarse con las familias que vienen manifest\u00e1ndose desde hace varias semanas en busca de una respuestas concretas a sus reclamos. Tambi\u00e9n critic\u00f3 a la polic\u00eda por reprimir a los manifestantes, ante la amenaza de quitarles a los hijos.<\/p>\n<p>\u201cEllos ven\u00edan haciendo distintas manifestaciones y hasta el momento no hay respuestas concretas por parte del gobierno. Los polic\u00edas los reprimieron con amenaza de quitarles los ni\u00f1os a las madres que se manifestaban\u201d, declar\u00f3.<\/p>\n<p>\u201cLa verdad que el gobierno no da respuestas a la problem\u00e1tica habitacional y desocupaci\u00f3n. Hay gente que est\u00e1 pasando hambre\u201d, insisti\u00f3.<\/p>\n<p>Finalmente sostuvo que la manifestaci\u00f3n se mantendr\u00e1 hasta hablar con las autoridades correspondientes<\/p>\n","protected":false},"excerpt":{"rendered":"<p>Vecinos autoconvocados, con apoyo de la organizaci\u00f3n social MST, se manifiestan en las avenidas Los Minerales y Bicentenario para reclamar<\/p>\n","protected":false},"author":2,"featured_media":4840,"comment_status":"closed","ping_status":"closed","sticky":false,"template":"","format":"standard","meta":{"footnotes":"","jetpack_publicize_message":"","jetpack_publicize_feature_enabled":true,"jetpack_social_post_already_shared":false,"jetpack_social_options":{"image_generator_settings":{"template":"highway","enabled":false},"version":2}},"categories":[12],"tags":[],"class_list":["post-4839","post","type-post","status-publish","format-standard","has-post-thumbnail","hentry","category-politica"],"jetpack_publicize_connections":[],"_links":{"self":[{"href":"https:\/\/diariorepublica.com.ar\/web\/index.php\/wp-json\/wp\/v2\/posts\/4839"}],"collection":[{"href":"https:\/\/diariorepublica.com.ar\/web\/index.php\/wp-json\/wp\/v2\/posts"}],"about":[{"href":"https:\/\/diariorepublica.com.ar\/web\/index.php\/wp-json\/wp\/v2\/types\/post"}],"author":[{"embeddable":true,"href":"https:\/\/diariorepublica.com.ar\/web\/index.php\/wp-json\/wp\/v2\/users\/2"}],"replies":[{"embeddable":true,"href":"https:\/\/diariorepublica.com.ar\/web\/index.php\/wp-json\/wp\/v2\/comments?post=4839"}],"version-history":[{"count":1,"href":"https:\/\/diariorepublica.com.ar\/web\/index.php\/wp-json\/wp\/v2\/posts\/4839\/revisions"}],"predecessor-version":[{"id":4841,"href":"https:\/\/diariorepublica.com.ar\/web\/index.php\/wp-json\/wp\/v2\/posts\/4839\/revisions\/4841"}],"wp:featuredmedia":[{"embeddable":true,"href":"https:\/\/diariorepublica.com.ar\/web\/index.php\/wp-json\/wp\/v2\/media\/4840"}],"wp:attachment":[{"href":"https:\/\/diariorepublica.com.ar\/web\/index.php\/wp-json\/wp\/v2\/media?parent=4839"}],"wp:term":[{"taxonomy":"category","embeddable":true,"href":"https:\/\/diariorepublica.com.ar\/web\/index.php\/wp-json\/wp\/v2\/categories?post=4839"},{"taxonomy":"post_tag","embeddable":true,"href":"https:\/\/diariorepublica.com.ar\/web\/index.php\/wp-json\/wp\/v2\/tags?post=4839"}],"curies":[{"name":"wp","href":"https:\/\/api.w.org\/{rel}","templated":true}]}}