{"id":488,"date":"2023-03-28T06:16:00","date_gmt":"2023-03-28T09:16:00","guid":{"rendered":"https:\/\/diariorepublica.com.ar\/web\/?p=488"},"modified":"2023-03-28T07:18:11","modified_gmt":"2023-03-28T10:18:11","slug":"messi-fue-nombrado-por-conmebol-como-el-mejor-jugador-de-la-historia","status":"publish","type":"post","link":"https:\/\/diariorepublica.com.ar\/web\/index.php\/deportes\/2023\/03\/28\/messi-fue-nombrado-por-conmebol-como-el-mejor-jugador-de-la-historia\/","title":{"rendered":"Messi fue nombrado por Conmebol como el mejor jugador de la historia"},"content":{"rendered":"<section class=\"detail-body first-paragraph\">\n<section id=\"note-body\" class=\"body-content note-body content-protected-false\" data-twitter-link=\"https:\/\/twitter.com\/intent\/tweet?url=https:\/\/www.minutouno.com\/c5683964&amp;v\u00eda=Ambitocom&amp;related=MinutoUno&amp;text=\">Luego del triunfo ante\u00a0<strong>Panam\u00e1<\/strong>, y en la previa del encuentro de esta martes ante\u00a0<strong>Curazao\u00a0<\/strong>en<strong>\u00a0Santiago del Estero<\/strong>, la\u00a0<strong>Selecci\u00f3n Argentina<\/strong>\u00a0viaj\u00f3 a\u00a0<strong>Paraguay\u00a0<\/strong>donde la\u00a0<strong>Conmebol\u00a0<\/strong>le realiz\u00f3 un emotivo homenaje por la consagraci\u00f3n en el\u00a0<strong>Mundial de Qatar 2022<\/strong>.<\/p>\n<\/section>\n<\/section>\n<section class=\"detail-body second-paragraph\">\n<section class=\"body-content note-body content-protected-false\">Los campeones del mundo fueron distinguidos por el ente del f\u00fatbol sudamericano y durante toda la gala se vivieron momentos muy lindos pero tambi\u00e9n distendido. Uno de los momentos m\u00e1s lindos fue cuando<strong>\u00a0Lionel Messi<\/strong>\u00a0fue nombrado como\u00a0<strong>\u00abel mejor jugador de la historia\u00bb<\/strong>\u00a0y en su lugar le dieron un bast\u00f3n para mostrarse como\u00a0<strong>\u00abgu\u00eda del f\u00fatbol mundial\u00bb<\/strong>.<\/p>\n<p><strong>\u00abEn nombre del f\u00fatbol sudamericano y Mundial hoy te hacemos entrega del liderazgo y del comando del f\u00fatbol mundial\u00bb<\/strong>, expres\u00f3 el presidente de la Conmebol, Alejandro Dom\u00ednguez, mientras le pasaba de mano el bast\u00f3n.<\/p>\n<p>Adem\u00e1s, al capit\u00e1n de la\u00a0<strong>Selecci\u00f3n Argentina\u00a0<\/strong>se le entreg\u00f3 una r\u00e9plica de la<strong>\u00a0Copa del Mundo<\/strong>, otra de la\u00a0<strong>Finalissima\u00a0<\/strong>y se mostr\u00f3 ante sus ojos una estatua a tama\u00f1o real que enloqueci\u00f3 a todos los presentes.<\/p>\n<div id=\"embed30_wrap\" class=\"embed_cont type_freetext\" contenteditable=\"false\">\n<div id=\"embed30_content\" class=\"embed_content\">\n<div id=\"embed30_embed\">\n<div class=\"twitter-tweet twitter-tweet-rendered\"><iframe id=\"twitter-widget-0\" class=\"\" title=\"Twitter Tweet\" src=\"https:\/\/platform.twitter.com\/embed\/Tweet.html?creatorScreenName=minutounocom&amp;dnt=false&amp;embedId=twitter-widget-0&amp;features=eyJ0ZndfdGltZWxpbmVfbGlzdCI6eyJidWNrZXQiOltdLCJ2ZXJzaW9uIjpudWxsfSwidGZ3X2ZvbGxvd2VyX2NvdW50X3N1bnNldCI6eyJidWNrZXQiOnRydWUsInZlcnNpb24iOm51bGx9LCJ0ZndfdHdlZXRfZWRpdF9iYWNrZW5kIjp7ImJ1Y2tldCI6Im9uIiwidmVyc2lvbiI6bnVsbH0sInRmd19yZWZzcmNfc2Vzc2lvbiI6eyJidWNrZXQiOiJvbiIsInZlcnNpb24iOm51bGx9LCJ0ZndfbWl4ZWRfbWVkaWFfMTU4OTciOnsiYnVja2V0IjoidHJlYXRtZW50IiwidmVyc2lvbiI6bnVsbH0sInRmd19leHBlcmltZW50c19jb29raWVfZXhwaXJhdGlvbiI6eyJidWNrZXQiOjEyMDk2MDAsInZlcnNpb24iOm51bGx9LCJ0ZndfZHVwbGljYXRlX3NjcmliZXNfdG9fc2V0dGluZ3MiOnsiYnVja2V0Ijoib24iLCJ2ZXJzaW9uIjpudWxsfSwidGZ3X3ZpZGVvX2hsc19keW5hbWljX21hbmlmZXN0c18xNTA4MiI6eyJidWNrZXQiOiJ0cnVlX2JpdHJhdGUiLCJ2ZXJzaW9uIjpudWxsfSwidGZ3X2xlZ2FjeV90aW1lbGluZV9zdW5zZXQiOnsiYnVja2V0Ijp0cnVlLCJ2ZXJzaW9uIjpudWxsfSwidGZ3X3R3ZWV0X2VkaXRfZnJvbnRlbmQiOnsiYnVja2V0Ijoib24iLCJ2ZXJzaW9uIjpudWxsfX0%3D&amp;frame=false&amp;hideCard=false&amp;hideThread=false&amp;id=1640489818521063424&amp;lang=es&amp;origin=https%3A%2F%2Fwww.minutouno.com%2Fdeportes%2Fmessi%2Ffue-nombrado-conmebol-como-el-mejor-jugador-la-historia-n5683964&amp;sessionId=c34949c31f5248a518f23f00e26c414da1b91988&amp;siteScreenName=minutounocom&amp;theme=light&amp;widgetsVersion=aaf4084522e3a%3A1674595607486&amp;width=550px\" frameborder=\"0\" scrolling=\"no\" allowfullscreen=\"allowfullscreen\" data-tweet-id=\"1640489818521063424\" data-mce-fragment=\"1\"><\/iframe><\/div>\n<\/div>\n<\/div>\n<\/div>\n<\/section>\n<\/section>\n","protected":false},"excerpt":{"rendered":"<p>Luego del triunfo ante\u00a0Panam\u00e1, y en la previa del encuentro de esta martes ante\u00a0Curazao\u00a0en\u00a0Santiago del Estero, la\u00a0Selecci\u00f3n Argentina\u00a0viaj\u00f3 a\u00a0Paraguay\u00a0donde la\u00a0Conmebol\u00a0le<\/p>\n","protected":false},"author":1,"featured_media":489,"comment_status":"closed","ping_status":"closed","sticky":false,"template":"","format":"standard","meta":{"footnotes":"","jetpack_publicize_message":"","jetpack_publicize_feature_enabled":true,"jetpack_social_post_already_shared":false,"jetpack_social_options":{"image_generator_settings":{"template":"highway","enabled":false},"version":2}},"categories":[9],"tags":[],"class_list":["post-488","post","type-post","status-publish","format-standard","has-post-thumbnail","hentry","category-deportes"],"jetpack_publicize_connections":[],"_links":{"self":[{"href":"https:\/\/diariorepublica.com.ar\/web\/index.php\/wp-json\/wp\/v2\/posts\/488"}],"collection":[{"href":"https:\/\/diariorepublica.com.ar\/web\/index.php\/wp-json\/wp\/v2\/posts"}],"about":[{"href":"https:\/\/diariorepublica.com.ar\/web\/index.php\/wp-json\/wp\/v2\/types\/post"}],"author":[{"embeddable":true,"href":"https:\/\/diariorepublica.com.ar\/web\/index.php\/wp-json\/wp\/v2\/users\/1"}],"replies":[{"embeddable":true,"href":"https:\/\/diariorepublica.com.ar\/web\/index.php\/wp-json\/wp\/v2\/comments?post=488"}],"version-history":[{"count":1,"href":"https:\/\/diariorepublica.com.ar\/web\/index.php\/wp-json\/wp\/v2\/posts\/488\/revisions"}],"predecessor-version":[{"id":490,"href":"https:\/\/diariorepublica.com.ar\/web\/index.php\/wp-json\/wp\/v2\/posts\/488\/revisions\/490"}],"wp:featuredmedia":[{"embeddable":true,"href":"https:\/\/diariorepublica.com.ar\/web\/index.php\/wp-json\/wp\/v2\/media\/489"}],"wp:attachment":[{"href":"https:\/\/diariorepublica.com.ar\/web\/index.php\/wp-json\/wp\/v2\/media?parent=488"}],"wp:term":[{"taxonomy":"category","embeddable":true,"href":"https:\/\/diariorepublica.com.ar\/web\/index.php\/wp-json\/wp\/v2\/categories?post=488"},{"taxonomy":"post_tag","embeddable":true,"href":"https:\/\/diariorepublica.com.ar\/web\/index.php\/wp-json\/wp\/v2\/tags?post=488"}],"curies":[{"name":"wp","href":"https:\/\/api.w.org\/{rel}","templated":true}]}}