{"id":4924,"date":"2023-07-10T07:51:12","date_gmt":"2023-07-10T10:51:12","guid":{"rendered":"https:\/\/diariorepublica.com.ar\/web\/?p=4924"},"modified":"2023-07-10T07:51:13","modified_gmt":"2023-07-10T10:51:13","slug":"se-esta-generando-una-competencia-desleal","status":"publish","type":"post","link":"https:\/\/diariorepublica.com.ar\/web\/index.php\/politica\/2023\/07\/10\/se-esta-generando-una-competencia-desleal\/","title":{"rendered":"\u00abSe est\u00e1 generando una competencia desleal\u00bb"},"content":{"rendered":"<p>El diputado provincial Tiago Puente denunci\u00f3 \u00abcompetencia desleal\u00bb por parte del oficialismo municipal y provincial. Espec\u00edficamente, el legislador apunt\u00f3 al intendente de la Capital, Gustavo Saadi, por la quita de carteles de los precandidatos de la fuerza pol\u00edtica opositora bajo el argumento de que existe una ordenanza que impide la colocaci\u00f3n de estos avisos. Sin embargo, Puente afirm\u00f3 que la propia municipalidad incumple con esta norma.<\/p>\n<p>Puente afirm\u00f3 que la carteler\u00eda \u00ablamentablemente es la \u00fanica forma de visibilizar a nuestros candidatos\u00bb. En esta l\u00ednea y si bien reconoci\u00f3 que \u00abexiste una ordenanza\u00bb que proh\u00edbe estos avisos, afirm\u00f3 que \u00abla propia municipalidad la incumple con carteles de &#8216;La Capital me gusta'\u00bb.<\/p>\n<p>\u00abA este lema lo vemos en pintadas en las calles y en much\u00edsimas paredes que est\u00e1n blanqueadas\u00bb, dijo el precandidato a lo que dej\u00f3 en claro que \u00abson carteles puestos por la municipalidad\u00bb.<\/p>\n<p>Ante esta situaci\u00f3n, Puente denuncio que est\u00e1 generando \u00abuna competencia absolutamente desleal por parte de Gustavo Saadi y Ra\u00fal Jalil\u00bb.<\/p>\n<p>\u00abOjal\u00e1 que estas artima\u00f1as se terminen en esta campa\u00f1a electoral\u00bb<\/p>\n","protected":false},"excerpt":{"rendered":"<p>El diputado provincial Tiago Puente denunci\u00f3 \u00abcompetencia desleal\u00bb por parte del oficialismo municipal y provincial. Espec\u00edficamente, el legislador apunt\u00f3 al<\/p>\n","protected":false},"author":2,"featured_media":4925,"comment_status":"closed","ping_status":"closed","sticky":false,"template":"","format":"standard","meta":{"footnotes":"","jetpack_publicize_message":"","jetpack_publicize_feature_enabled":true,"jetpack_social_post_already_shared":false,"jetpack_social_options":{"image_generator_settings":{"template":"highway","enabled":false},"version":2}},"categories":[12],"tags":[],"class_list":["post-4924","post","type-post","status-publish","format-standard","has-post-thumbnail","hentry","category-politica"],"jetpack_publicize_connections":[],"_links":{"self":[{"href":"https:\/\/diariorepublica.com.ar\/web\/index.php\/wp-json\/wp\/v2\/posts\/4924"}],"collection":[{"href":"https:\/\/diariorepublica.com.ar\/web\/index.php\/wp-json\/wp\/v2\/posts"}],"about":[{"href":"https:\/\/diariorepublica.com.ar\/web\/index.php\/wp-json\/wp\/v2\/types\/post"}],"author":[{"embeddable":true,"href":"https:\/\/diariorepublica.com.ar\/web\/index.php\/wp-json\/wp\/v2\/users\/2"}],"replies":[{"embeddable":true,"href":"https:\/\/diariorepublica.com.ar\/web\/index.php\/wp-json\/wp\/v2\/comments?post=4924"}],"version-history":[{"count":1,"href":"https:\/\/diariorepublica.com.ar\/web\/index.php\/wp-json\/wp\/v2\/posts\/4924\/revisions"}],"predecessor-version":[{"id":4926,"href":"https:\/\/diariorepublica.com.ar\/web\/index.php\/wp-json\/wp\/v2\/posts\/4924\/revisions\/4926"}],"wp:featuredmedia":[{"embeddable":true,"href":"https:\/\/diariorepublica.com.ar\/web\/index.php\/wp-json\/wp\/v2\/media\/4925"}],"wp:attachment":[{"href":"https:\/\/diariorepublica.com.ar\/web\/index.php\/wp-json\/wp\/v2\/media?parent=4924"}],"wp:term":[{"taxonomy":"category","embeddable":true,"href":"https:\/\/diariorepublica.com.ar\/web\/index.php\/wp-json\/wp\/v2\/categories?post=4924"},{"taxonomy":"post_tag","embeddable":true,"href":"https:\/\/diariorepublica.com.ar\/web\/index.php\/wp-json\/wp\/v2\/tags?post=4924"}],"curies":[{"name":"wp","href":"https:\/\/api.w.org\/{rel}","templated":true}]}}