{"id":4953,"date":"2023-07-10T10:04:11","date_gmt":"2023-07-10T13:04:11","guid":{"rendered":"https:\/\/diariorepublica.com.ar\/web\/?p=4953"},"modified":"2023-07-10T10:04:12","modified_gmt":"2023-07-10T13:04:12","slug":"desde-este-miercoles-puede-accederse-a-las-entradas-para-noche-gratuita-de-la-fiesta-del-poncho","status":"publish","type":"post","link":"https:\/\/diariorepublica.com.ar\/web\/index.php\/sociedad\/2023\/07\/10\/desde-este-miercoles-puede-accederse-a-las-entradas-para-noche-gratuita-de-la-fiesta-del-poncho\/","title":{"rendered":"Desde este miercoles puede accederse a las entradas para noche gratuita de la Fiesta del Poncho"},"content":{"rendered":"<p>El Ministerio de Cultura, Turismo y Deporte de la Provincia comunica que las entradas gratuitas para la primera noche del Festival del Poncho, el pr\u00f3ximo viernes 14 de julio, estar\u00e1n disponibles a partir del mi\u00e9rcoles 12 de julio a las 8 horas y hasta agotar disponibilidad. Esa noche se presentar\u00e1n Mariana Carrizo, Roxana Carabajal y Sergio Galleguillo junto a artistas locales.<\/p>\n<p>La entrega se realizar\u00e1 a trav\u00e9s de la plataforma www.ticketweb.com.ar y en el Cine Teatro Catamarca de 8 a 12 y de 17 a 21 horas, entregando hasta un m\u00e1ximo de 5 tickets por persona, hasta agotar localidades.<\/p>\n<p>Una cuesti\u00f3n a tener en cuenta es que el festival inicia a las 20 hs y que los tickets de ingreso ser\u00e1n v\u00e1lidos hasta las 22 hs de ese viernes, de lo contrario, la organizaci\u00f3n podr\u00e1 disponer la reasignaci\u00f3n de entradas a personas que hayan quedado en lista de espera o que deseen ingresar y no tengan tickets.<\/p>\n<p>M\u00e1s temprano, a partir de las 17 horas, se llevar\u00e1 a cabo el acto inaugural que tendr\u00e1 como propuesta art\u00edstica la presentaci\u00f3n del cuadro denominado \u201cCatamarca Andina\u201d, a cargo de una orquesta andina junto al ballet oficial del Poncho, conformados por artistas de toda la provincia, que fueron seleccionados mediante una audici\u00f3n.<\/p>\n<p>Bajo la direcci\u00f3n musical de Jos\u00e9 Ignacio Molina, la delegaci\u00f3n oficial integrada por cantantes, m\u00fasicos y m\u00fasicas de toda la provincia realizar\u00e1 un recorrido musical por los pilares de la cultura local y el nuevo cancionero musical catamarque\u00f1o.<\/p>\n<p>El acto de apertura, a las 17 hs, es con entrada libre. No requiere reserva de tickets.<\/p>\n<p>Cartelera Escenario Mayor viernes 14 de julio<\/p>\n<p>Coro de C\u00e1mara Municipal<\/p>\n<p>Academia Huellas Norte\u00f1as<\/p>\n<p>Andrea Ochoa<\/p>\n<p>Rolando Zaffe<\/p>\n<p>Delegaci\u00f3n Andalgal\u00e1<\/p>\n<p>Leticia Aranda<\/p>\n<p>Mariana Carrizo<\/p>\n<p>El Bagual Malambo<\/p>\n<p>Bel\u00e9n Parma<\/p>\n<p>Germ\u00e1n Fuentes<\/p>\n<p>Roxana Carabajal<\/p>\n<p>Sergio Galleguillo<\/p>\n","protected":false},"excerpt":{"rendered":"<p>El Ministerio de Cultura, Turismo y Deporte de la Provincia comunica que las entradas gratuitas para la primera noche del<\/p>\n","protected":false},"author":2,"featured_media":4954,"comment_status":"closed","ping_status":"closed","sticky":false,"template":"","format":"standard","meta":{"footnotes":"","jetpack_publicize_message":"","jetpack_publicize_feature_enabled":true,"jetpack_social_post_already_shared":false,"jetpack_social_options":{"image_generator_settings":{"template":"highway","enabled":false},"version":2}},"categories":[3],"tags":[],"class_list":["post-4953","post","type-post","status-publish","format-standard","has-post-thumbnail","hentry","category-sociedad"],"jetpack_publicize_connections":[],"_links":{"self":[{"href":"https:\/\/diariorepublica.com.ar\/web\/index.php\/wp-json\/wp\/v2\/posts\/4953"}],"collection":[{"href":"https:\/\/diariorepublica.com.ar\/web\/index.php\/wp-json\/wp\/v2\/posts"}],"about":[{"href":"https:\/\/diariorepublica.com.ar\/web\/index.php\/wp-json\/wp\/v2\/types\/post"}],"author":[{"embeddable":true,"href":"https:\/\/diariorepublica.com.ar\/web\/index.php\/wp-json\/wp\/v2\/users\/2"}],"replies":[{"embeddable":true,"href":"https:\/\/diariorepublica.com.ar\/web\/index.php\/wp-json\/wp\/v2\/comments?post=4953"}],"version-history":[{"count":1,"href":"https:\/\/diariorepublica.com.ar\/web\/index.php\/wp-json\/wp\/v2\/posts\/4953\/revisions"}],"predecessor-version":[{"id":4955,"href":"https:\/\/diariorepublica.com.ar\/web\/index.php\/wp-json\/wp\/v2\/posts\/4953\/revisions\/4955"}],"wp:featuredmedia":[{"embeddable":true,"href":"https:\/\/diariorepublica.com.ar\/web\/index.php\/wp-json\/wp\/v2\/media\/4954"}],"wp:attachment":[{"href":"https:\/\/diariorepublica.com.ar\/web\/index.php\/wp-json\/wp\/v2\/media?parent=4953"}],"wp:term":[{"taxonomy":"category","embeddable":true,"href":"https:\/\/diariorepublica.com.ar\/web\/index.php\/wp-json\/wp\/v2\/categories?post=4953"},{"taxonomy":"post_tag","embeddable":true,"href":"https:\/\/diariorepublica.com.ar\/web\/index.php\/wp-json\/wp\/v2\/tags?post=4953"}],"curies":[{"name":"wp","href":"https:\/\/api.w.org\/{rel}","templated":true}]}}